{"id":15132,"date":"2025-08-27T15:38:17","date_gmt":"2025-08-27T15:38:17","guid":{"rendered":"https:\/\/www.europesays.com\/se\/15132\/"},"modified":"2025-08-27T15:38:17","modified_gmt":"2025-08-27T15:38:17","slug":"trumps-bakslag-i-tullkrigetvarsta-resultatet-for-usa","status":"publish","type":"post","link":"https:\/\/www.europesays.com\/se\/15132\/","title":{"rendered":"Trumps bakslag i tullkriget:\n\u201dV\u00e4rsta resultatet f\u00f6r USA\u201d"},"content":{"rendered":"<p>Publicerad 27 aug 2025 kl 16.36Uppdaterad kl 17.27<\/p>\n<p>Donald Trumps tullhot kan f\u00f6ra rivalerna Kina och Indien n\u00e4rmare varandra.<\/p>\n<p>Snart v\u00e4ntas Indiens Narendra Modi g\u00f6ra ett historiskt bes\u00f6k i Peking \u2013 tillsammans med Vladimir Putin.<\/p>\n<p>\u201dAtt f\u00f6rlora Indien skulle vara det v\u00e4rsta resultatet f\u00f6r USA\u201d, skriver CNN:s Rhea Mogul, i en <a href=\"https:\/\/edition.cnn.com\/2025\/08\/26\/india\/india-china-relations-sco-summit-intl-hnk\" rel=\"nofollow noopener\" target=\"_blank\">analys<\/a>.<\/p>\n<p>Trump hotar med nya j\u00e4ttetullar mot Kina.<img loading=\"lazy\"   alt=\"\"\/><\/p>\n<p>Trump och Modi m\u00f6ttes i Washington i februari.<\/p>\n<p>Foto: FRANCIS CHUNG \/ POOL \/ EPA \/ POLITICO POOL<\/p>\n<p>\u00d6ppna bild i helsk\u00e4rm<img loading=\"lazy\"   alt=\"\"\/><\/p>\n<p>Putin och Xi Jinping i september 2022.<\/p>\n<p>Foto: SERGEI BOBYLEV\/SPUTNIK\/KREMLIN POOL \/ \/ EPA TT NYHETSBYR\u00c5N<\/p>\n<p>\u00d6ppna bild i helsk\u00e4rm<\/p>\n<p>Relationerna mellan Kina och Indien har varit n\u00e4ra fryspunkten sedan l\u00e4ndernas gr\u00e4nsdispyt i Himalaya eskalerade \u00e5r 2020. Minst 20 indiska och fyra kinesiska soldater <a href=\"https:\/\/www.expressen.se\/nyheter\/kinas-krav-pa-indien-dra-tillbaka-trupper\" rel=\"nofollow noopener\" target=\"_blank\">dog d\u00e5 i n\u00e4rstrider<\/a>, eftersom b\u00e5da sidor f\u00f6rbundit sig att inte anv\u00e4nda skjutvapen i omr\u00e5det.<\/p>\n<p>Men nu \u00e4r Indiens premi\u00e4rminister Narendra Modi p\u00e5 v\u00e4g att g\u00f6ra sitt f\u00f6rsta bes\u00f6k i Kina sedan 2018. President Xi Jinping st\u00e5r d\u00e5 v\u00e4rd f\u00f6r toppm\u00f6tet f\u00f6r den asiatiska samarbetsorganisationen SCO som v\u00e4ntas v\u00e4lkomna 20 v\u00e4rldsledare, d\u00e4ribland Rysslands Vladimir Putin.<\/p>\n<p>Upptiningen mellan Indien och Kina kommer samtidigt som Donald Trump skruvat upp handeltullarna p\u00e5 varor fr\u00e5n b\u00e5de Kina och Indien. USA \u00e4r nu p\u00e5 v\u00e4g att dubbla tullarna mot Indien till 50 procent som ett straff f\u00f6r att landet importerar olja fr\u00e5n Ryssland, enligt <a href=\"https:\/\/edition.cnn.com\/2025\/08\/27\/economy\/trump-india-tariff\" rel=\"nofollow noopener\" target=\"_blank\">CNN<\/a>.<\/p>\n<p>USA har l\u00e4nge arbetat f\u00f6r att etablera Indien som en handelspartner och allierad i regionen.<\/p>\n<p>\u201dGenom att kritisera Indien f\u00f6r att inte ha en mer \u00f6ppen ekonomi och f\u00f6r banden till Ryssland, straffar Trump-administrationen just det land som USA i \u00e5ratal har f\u00f6rs\u00f6kt odla som en demokratisk motvikt till Kinas makt \u2013 och skapar d\u00e4rmed en \u00f6ppning f\u00f6r Peking\u201d, skriver CNN:s Rhea Mogul.<\/p>\n","protected":false},"excerpt":{"rendered":"Publicerad 27 aug 2025 kl 16.36Uppdaterad kl 17.27 Donald Trumps tullhot kan f\u00f6ra rivalerna Kina och Indien n\u00e4rmare&hellip;\n","protected":false},"author":2,"featured_media":15133,"comment_status":"","ping_status":"","sticky":false,"template":"","format":"standard","meta":{"footnotes":""},"categories":[5],"tags":[22,23,26,27,17,21,24,25,28,29,15,16,198,18,34,55,31,33,32,30,19,781,20],"class_list":{"0":"post-15132","1":"post","2":"type-post","3":"status-publish","4":"format-standard","5":"has-post-thumbnail","7":"category-rubriker","8":"tag-breaking-news","9":"tag-breakingnews","10":"tag-featured-news","11":"tag-featurednews","12":"tag-headlines","13":"tag-huvudnyheter","14":"tag-latest-news","15":"tag-latestnews","16":"tag-main-news","17":"tag-mainnews","18":"tag-news","19":"tag-nyheter","20":"tag-person-donald-trump","21":"tag-rubriker","22":"tag-se","23":"tag-sections-varlden","24":"tag-svenska","25":"tag-sverige","26":"tag-sweden","27":"tag-swedish","28":"tag-top-stories","29":"tag-topic-utrikespolitik","30":"tag-topstories"},"share_on_mastodon":{"url":"","error":""},"_links":{"self":[{"href":"https:\/\/www.europesays.com\/se\/wp-json\/wp\/v2\/posts\/15132","targetHints":{"allow":["GET"]}}],"collection":[{"href":"https:\/\/www.europesays.com\/se\/wp-json\/wp\/v2\/posts"}],"about":[{"href":"https:\/\/www.europesays.com\/se\/wp-json\/wp\/v2\/types\/post"}],"author":[{"embeddable":true,"href":"https:\/\/www.europesays.com\/se\/wp-json\/wp\/v2\/users\/2"}],"replies":[{"embeddable":true,"href":"https:\/\/www.europesays.com\/se\/wp-json\/wp\/v2\/comments?post=15132"}],"version-history":[{"count":0,"href":"https:\/\/www.europesays.com\/se\/wp-json\/wp\/v2\/posts\/15132\/revisions"}],"wp:featuredmedia":[{"embeddable":true,"href":"https:\/\/www.europesays.com\/se\/wp-json\/wp\/v2\/media\/15133"}],"wp:attachment":[{"href":"https:\/\/www.europesays.com\/se\/wp-json\/wp\/v2\/media?parent=15132"}],"wp:term":[{"taxonomy":"category","embeddable":true,"href":"https:\/\/www.europesays.com\/se\/wp-json\/wp\/v2\/categories?post=15132"},{"taxonomy":"post_tag","embeddable":true,"href":"https:\/\/www.europesays.com\/se\/wp-json\/wp\/v2\/tags?post=15132"}],"curies":[{"name":"wp","href":"https:\/\/api.w.org\/{rel}","templated":true}]}}