{"id":151347,"date":"2026-01-30T14:44:10","date_gmt":"2026-01-30T14:44:10","guid":{"rendered":"https:\/\/www.europesays.com\/se\/151347\/"},"modified":"2026-01-30T14:44:10","modified_gmt":"2026-01-30T14:44:10","slug":"paradise-hotel-profilen-henrik-borg-atalas-nastan-lojligt","status":"publish","type":"post","link":"https:\/\/www.europesays.com\/se\/151347\/","title":{"rendered":"Paradise Hotel-profilen Henrik Borg \u00e5talas: \u2013 N\u00e4stan l\u00f6jligt"},"content":{"rendered":"<p>Publicerad 30 jan 2026 kl 15.01<\/p>\n<p>\u201dParadise hotel\u201d-profilen bes\u00f6kte passexpeditionen i Uppsala och fotade till sin Snapchat.<\/p>\n<p>Nu \u00e5talas Henrik Borg, som tycker polisen prioriterar konstigt.<\/p>\n<p>\u2013 Ist\u00e4llet f\u00f6r tung kriminalitet siktar polisen p\u00e5 Snapchat.<\/p>\n<p>Lisa Borgs f\u00f6rlossningskamp slutade med kejsarsnitt.<img loading=\"lazy\"   alt=\"\"\/><\/p>\n<p>Henrik Borg \u00e5talas f\u00f6r brott mot skyddslagen.<\/p>\n<p>Foto: Jonas Ekstr\u00f6mer\/TT \/ TT NYHETSBYR\u00c5N \/ JONAS EKSTR\u00d6MER<\/p>\n<p>\u00d6ppna bild i helsk\u00e4rm<img loading=\"lazy\"   alt=\"\"\/><\/p>\n<p>Henrik Borg och Lisa Borg var p\u00e5 passexpeditionen med sin son.<\/p>\n<p>Foto: LISA HALLGREN<\/p>\n<p>\u00d6ppna bild i helsk\u00e4rm<img loading=\"lazy\"   alt=\"\"\/><\/p>\n<p>Henrik Borg har \u00f6ver 100 000 f\u00f6ljare p\u00e5 Snapchat d\u00e4r han la upp bilden p\u00e5 Polishuset.<\/p>\n<p>Foto: Henrikxborg \/ Snapchat<\/p>\n<p>\u00d6ppna bild i helsk\u00e4rm<\/p>\n<p>Influencerparet och tv-profilerna Henrik Borg, 31, och Lisa Borg, 37, som just nu \u00e4r aktuella i SVT-serien \u201dMammor\u201d, skulle i september f\u00f6rra \u00e5ret g\u00f6ra ett pass \u00e5t sin son.\u00a0<\/p>\n<p>Henrik Borg, som programleder \u201dParadise Hotel \u2013 eftersnacket\u201d i Viaplay, tog upp mobilen och skulle fota sin son i passb\u00e5set. Passhandl\u00e4ggaren sa d\u00e5 till att man inte fick fota, vilket <a href=\"https:\/\/www.unt.se\/nyheter\/uppsala\/artikel\/henrik-borg-atalas-for-olovlig-avbildning\/r399wkkr\" rel=\"nofollow noopener\" target=\"_blank\">UNT var f\u00f6rst att rapportera om<\/a>.\u00a0<\/p>\n<p>Eftersom passhandl\u00e4ggaren k\u00e4nde igen paret gick hon in p\u00e5 Henrik Borgs <a href=\"https:\/\/www.expressen.se\/tagg\/organization\/snapchat\/\" class=\"\" rel=\"nofollow noopener\" target=\"_blank\">Snapchat<\/a> efter bes\u00f6ket och s\u00e5g att han lagt upp en bild p\u00e5 fasaden av polishuset i Uppsala, som \u00e4r ett skyddsobjekt.\u00a0<\/p>\n<p>\u201dHelt otroligt var man l\u00e4gger resurserna\u201d<\/p>\n<p>\u2013 Det var tydligen olagligt, som jag inte visste och jag blev kallad till f\u00f6rh\u00f6r. Det var n\u00e4stan l\u00f6jligt, n\u00e4r jag kommer in d\u00e4r sitter det tre personer i f\u00f6rh\u00f6ret, s\u00e4ger Henrik Borg till Expressen.<\/p>\n<p>Att polisen l\u00e4gger resurser p\u00e5 det h\u00e4r tycker han \u00e4r d\u00e5ligt.\u00a0<\/p>\n<p>\u2013 I Uppsala \u00e4r det s\u00e5 otroligt mycket kriminalitet, det bombas p\u00e5 gatorna. Det \u00e4r helt otroligt var man l\u00e4gger resurserna. I st\u00e4llet f\u00f6r tung kriminalitet siktar polisen p\u00e5 Snapchat. Jag vet knappt vad jag ska s\u00e4ga allts\u00e5.\u00a0<\/p>\n<p>Betalade inte boten \u2013 \u00e5talas<\/p>\n<p>Borg erk\u00e4nde olovlig avbildning av skyddsobjekt och fick ett straff\u00f6rel\u00e4ggande f\u00f6r att slippa r\u00e4tteg\u00e5ng.\u00a0<\/p>\n<p>Men han betalade inte boten p\u00e5 6 600 kronor och nu \u00e5talas han.\u00a0<\/p>\n<p>\u2013 Jag s\u00e5g inte brevet, vi har varit i Thailand i 32 dagar s\u00e5 n\u00e4r jag kom hem var det ju f\u00f6r sent.\u00a0<\/p>\n<p>Profilen Jan Emanuel, 51, har ocks\u00e5 <a href=\"https:\/\/www.expressen.se\/nyheter\/sverige\/jan-emanuel-tog-selfie-vid-regementet-dom-i-dag\/\" rel=\"nofollow noopener\" target=\"_blank\">d\u00f6mts f\u00f6r olovlig avbildning<\/a> av ett skyddsobjekt. Henrik Borg tror att polisen \u00e4r h\u00e5rdare mot influencers.<\/p>\n<p>\u2013 De vill statuera ett exempel, fair enough. Det \u00e4r m\u00f6jligt att det var ett brott men n\u00e4r det \u00e4r en s\u00e5n h\u00e4r liten grej \u00e4r det sv\u00e5rt att ta det superseri\u00f6st.\u00a0<\/p>\n","protected":false},"excerpt":{"rendered":"Publicerad 30 jan 2026 kl 15.01 \u201dParadise hotel\u201d-profilen bes\u00f6kte passexpeditionen i Uppsala och fotade till sin Snapchat. Nu&hellip;\n","protected":false},"author":2,"featured_media":151348,"comment_status":"","ping_status":"","sticky":false,"template":"","format":"standard","meta":{"footnotes":""},"categories":[67],"tags":[104,4496,34,31,33,32,30,105],"class_list":{"0":"post-151347","1":"post","2":"type-post","3":"status-publish","4":"format-standard","5":"has-post-thumbnail","7":"category-underhallning","8":"tag-entertainment","9":"tag-organization-snapchat","10":"tag-se","11":"tag-svenska","12":"tag-sverige","13":"tag-sweden","14":"tag-swedish","15":"tag-underhallning"},"share_on_mastodon":{"url":"https:\/\/pubeurope.com\/@se\/115984588024510218","error":""},"_links":{"self":[{"href":"https:\/\/www.europesays.com\/se\/wp-json\/wp\/v2\/posts\/151347","targetHints":{"allow":["GET"]}}],"collection":[{"href":"https:\/\/www.europesays.com\/se\/wp-json\/wp\/v2\/posts"}],"about":[{"href":"https:\/\/www.europesays.com\/se\/wp-json\/wp\/v2\/types\/post"}],"author":[{"embeddable":true,"href":"https:\/\/www.europesays.com\/se\/wp-json\/wp\/v2\/users\/2"}],"replies":[{"embeddable":true,"href":"https:\/\/www.europesays.com\/se\/wp-json\/wp\/v2\/comments?post=151347"}],"version-history":[{"count":0,"href":"https:\/\/www.europesays.com\/se\/wp-json\/wp\/v2\/posts\/151347\/revisions"}],"wp:featuredmedia":[{"embeddable":true,"href":"https:\/\/www.europesays.com\/se\/wp-json\/wp\/v2\/media\/151348"}],"wp:attachment":[{"href":"https:\/\/www.europesays.com\/se\/wp-json\/wp\/v2\/media?parent=151347"}],"wp:term":[{"taxonomy":"category","embeddable":true,"href":"https:\/\/www.europesays.com\/se\/wp-json\/wp\/v2\/categories?post=151347"},{"taxonomy":"post_tag","embeddable":true,"href":"https:\/\/www.europesays.com\/se\/wp-json\/wp\/v2\/tags?post=151347"}],"curies":[{"name":"wp","href":"https:\/\/api.w.org\/{rel}","templated":true}]}}