{"id":151351,"date":"2026-01-30T14:47:08","date_gmt":"2026-01-30T14:47:08","guid":{"rendered":"https:\/\/www.europesays.com\/se\/151351\/"},"modified":"2026-01-30T14:47:08","modified_gmt":"2026-01-30T14:47:08","slug":"dn-direkt-centerpartiet-stoppa-effektavgifter","status":"publish","type":"post","link":"https:\/\/www.europesays.com\/se\/151351\/","title":{"rendered":"DN Direkt \u2013 Centerpartiet: Stoppa effektavgifter"},"content":{"rendered":"<p>I g\u00e5r 23:11Uppdaterad I g\u00e5r 23:45<\/p>\n<p>Dela<img decoding=\"async\" class=\"picture__img\" src=\"https:\/\/www.europesays.com\/se\/wp-content\/uploads\/2026\/01\/16e0faeb-aedd-401c-ac40-d6e54b1f70b9.jpeg\" loading=\"lazy\"   alt=\"Oscar Lewickis sista match f\u00f6r Malm\u00f6 FF.\"\/>Oscar Lewickis sista match f\u00f6r Malm\u00f6 FF. Foto: Simon Hasteg\u00e5rd\/Bildbyr\u00e5n<\/p>\n<p>Det blev en 1\u20132-f\u00f6rlust f\u00f6r Malm\u00f6 FF i lagets sista match i Europa League f\u00f6r den h\u00e4r g\u00e5ngen.<\/p>\n<p>Det stod redan klart att Malm\u00f6 inte avancerar fr\u00e5n ligafasen inf\u00f6r bortamatchen mot Genk.<\/p>\n<p>\u00c4nd\u00e5 tog det svenska laget ledningen redan i fj\u00e4rde minuten, n\u00e4r Taha Ali visade upp sina kvalit\u00e9er och satte 1\u20130.<\/p>\n<p>Men Genk kvitterade p\u00e5 straff innan 18-\u00e5rige talangen Konstantinos Karetsas gjorde segerm\u00e5let till 2\u20131.<\/p>\n<p>Oscar Lewicki meddelade tidigare i januari att han l\u00e4gger ner karri\u00e4ren n\u00e4r kontraktet med MFF g\u00e5r ut vid m\u00e5nadsskiftet. I hans sista match fick han spela dryga kvarten efter att ha bytt av 19-\u00e5rige talangen Malte P\u00e5lsson.<\/p>\n<p>F\u00f6rlusten inneb\u00e4r att Malm\u00f6 slutar p\u00e5 en po\u00e4ng i tabellen \u2013 efter noll segrar, en oavgjord (Dinamo Zagreb hemma) och sju f\u00f6rluster.<\/p>\n<p>Parallellt stod svenske Benjamin Nygren f\u00f6r ett m\u00e5l i skotska Celtics 4\u20132-seger mot nederl\u00e4ndska Utrecht.<\/p>\n","protected":false},"excerpt":{"rendered":"I g\u00e5r 23:11Uppdaterad I g\u00e5r 23:45 DelaOscar Lewickis sista match f\u00f6r Malm\u00f6 FF. Foto: Simon Hasteg\u00e5rd\/Bildbyr\u00e5n Det blev&hellip;\n","protected":false},"author":2,"featured_media":14013,"comment_status":"","ping_status":"","sticky":false,"template":"","format":"standard","meta":{"footnotes":""},"categories":[14],"tags":[22,23,26,27,17,21,24,25,28,29,15,16,18,34,31,33,32,30,19,20,51,52,53,54],"class_list":{"0":"post-151351","1":"post","2":"type-post","3":"status-publish","4":"format-standard","5":"has-post-thumbnail","7":"category-varlden","8":"tag-breaking-news","9":"tag-breakingnews","10":"tag-featured-news","11":"tag-featurednews","12":"tag-headlines","13":"tag-huvudnyheter","14":"tag-latest-news","15":"tag-latestnews","16":"tag-main-news","17":"tag-mainnews","18":"tag-news","19":"tag-nyheter","20":"tag-rubriker","21":"tag-se","22":"tag-svenska","23":"tag-sverige","24":"tag-sweden","25":"tag-swedish","26":"tag-top-stories","27":"tag-topstories","28":"tag-varlden","29":"tag-world","30":"tag-world-news","31":"tag-worldnews"},"share_on_mastodon":{"url":"https:\/\/pubeurope.com\/@se\/115984599943432451","error":""},"_links":{"self":[{"href":"https:\/\/www.europesays.com\/se\/wp-json\/wp\/v2\/posts\/151351","targetHints":{"allow":["GET"]}}],"collection":[{"href":"https:\/\/www.europesays.com\/se\/wp-json\/wp\/v2\/posts"}],"about":[{"href":"https:\/\/www.europesays.com\/se\/wp-json\/wp\/v2\/types\/post"}],"author":[{"embeddable":true,"href":"https:\/\/www.europesays.com\/se\/wp-json\/wp\/v2\/users\/2"}],"replies":[{"embeddable":true,"href":"https:\/\/www.europesays.com\/se\/wp-json\/wp\/v2\/comments?post=151351"}],"version-history":[{"count":0,"href":"https:\/\/www.europesays.com\/se\/wp-json\/wp\/v2\/posts\/151351\/revisions"}],"wp:featuredmedia":[{"embeddable":true,"href":"https:\/\/www.europesays.com\/se\/wp-json\/wp\/v2\/media\/14013"}],"wp:attachment":[{"href":"https:\/\/www.europesays.com\/se\/wp-json\/wp\/v2\/media?parent=151351"}],"wp:term":[{"taxonomy":"category","embeddable":true,"href":"https:\/\/www.europesays.com\/se\/wp-json\/wp\/v2\/categories?post=151351"},{"taxonomy":"post_tag","embeddable":true,"href":"https:\/\/www.europesays.com\/se\/wp-json\/wp\/v2\/tags?post=151351"}],"curies":[{"name":"wp","href":"https:\/\/api.w.org\/{rel}","templated":true}]}}