{"id":151354,"date":"2026-01-30T14:49:16","date_gmt":"2026-01-30T14:49:16","guid":{"rendered":"https:\/\/www.europesays.com\/se\/151354\/"},"modified":"2026-01-30T14:49:16","modified_gmt":"2026-01-30T14:49:16","slug":"stark-start-for-novo-nordisks-wegovy-tablett-i-usa","status":"publish","type":"post","link":"https:\/\/www.europesays.com\/se\/151354\/","title":{"rendered":"Stark start f\u00f6r Novo Nordisks Wegovy-tablett i USA"},"content":{"rendered":"<p class=\"font-sans text-base text-text-main dark:text-text-main-dark font-normal leading-[1.4]\">Danska l\u00e4kemedelsbolaget Novo Nordisk ska ha skrivit ut \u00f6ver 26 000 recept f\u00f6r sin nya Wegovy-tablett i USA under den andra hela veckan efter lanseringen, enligt IQVIA-data som delats av en analytiker. Det rapporterar Reuters. Antalet recept uppgick till 26 109 f\u00f6r veckan som slutade den 23 januari, vilket enligt Barclays tyder p\u00e5 en mycket stark lansering.<br \/>\n <br class=\"col-start-2\"\/><\/p>\n<p class=\"font-sans text-base text-text-main dark:text-text-main-dark font-normal leading-[1.4]\">newsroom@finwire.se<br \/>\n <br class=\"col-start-2\"\/><br \/>\n Nyhetsbyr\u00e5n Finwire<\/p>\n","protected":false},"excerpt":{"rendered":"Danska l\u00e4kemedelsbolaget Novo Nordisk ska ha skrivit ut \u00f6ver 26 000 recept f\u00f6r sin nya Wegovy-tablett i USA&hellip;\n","protected":false},"author":2,"featured_media":119816,"comment_status":"","ping_status":"","sticky":false,"template":"","format":"standard","meta":{"footnotes":""},"categories":[5],"tags":[22,23,26,27,17,21,24,25,28,29,15,16,18,34,31,33,32,30,19,20],"class_list":{"0":"post-151354","1":"post","2":"type-post","3":"status-publish","4":"format-standard","5":"has-post-thumbnail","7":"category-rubriker","8":"tag-breaking-news","9":"tag-breakingnews","10":"tag-featured-news","11":"tag-featurednews","12":"tag-headlines","13":"tag-huvudnyheter","14":"tag-latest-news","15":"tag-latestnews","16":"tag-main-news","17":"tag-mainnews","18":"tag-news","19":"tag-nyheter","20":"tag-rubriker","21":"tag-se","22":"tag-svenska","23":"tag-sverige","24":"tag-sweden","25":"tag-swedish","26":"tag-top-stories","27":"tag-topstories"},"share_on_mastodon":{"url":"https:\/\/pubeurope.com\/@se\/115984607656019361","error":""},"_links":{"self":[{"href":"https:\/\/www.europesays.com\/se\/wp-json\/wp\/v2\/posts\/151354","targetHints":{"allow":["GET"]}}],"collection":[{"href":"https:\/\/www.europesays.com\/se\/wp-json\/wp\/v2\/posts"}],"about":[{"href":"https:\/\/www.europesays.com\/se\/wp-json\/wp\/v2\/types\/post"}],"author":[{"embeddable":true,"href":"https:\/\/www.europesays.com\/se\/wp-json\/wp\/v2\/users\/2"}],"replies":[{"embeddable":true,"href":"https:\/\/www.europesays.com\/se\/wp-json\/wp\/v2\/comments?post=151354"}],"version-history":[{"count":0,"href":"https:\/\/www.europesays.com\/se\/wp-json\/wp\/v2\/posts\/151354\/revisions"}],"wp:featuredmedia":[{"embeddable":true,"href":"https:\/\/www.europesays.com\/se\/wp-json\/wp\/v2\/media\/119816"}],"wp:attachment":[{"href":"https:\/\/www.europesays.com\/se\/wp-json\/wp\/v2\/media?parent=151354"}],"wp:term":[{"taxonomy":"category","embeddable":true,"href":"https:\/\/www.europesays.com\/se\/wp-json\/wp\/v2\/categories?post=151354"},{"taxonomy":"post_tag","embeddable":true,"href":"https:\/\/www.europesays.com\/se\/wp-json\/wp\/v2\/tags?post=151354"}],"curies":[{"name":"wp","href":"https:\/\/api.w.org\/{rel}","templated":true}]}}