{"id":151356,"date":"2026-01-30T14:52:19","date_gmt":"2026-01-30T14:52:19","guid":{"rendered":"https:\/\/www.europesays.com\/se\/151356\/"},"modified":"2026-01-30T14:52:19","modified_gmt":"2026-01-30T14:52:19","slug":"kampanj-for-israelbojkott-uppror-stockholmsbiograf-backar","status":"publish","type":"post","link":"https:\/\/www.europesays.com\/se\/151356\/","title":{"rendered":"Kampanj f\u00f6r Israelbojkott uppr\u00f6r \u2013 Stockholmsbiograf backar"},"content":{"rendered":"<p class=\"kicker t16 tm16 primary color_mobile_primary\" style=\"\">BDS-r\u00f6relsen<\/p>\n<p>\n        STOCKHOLM 20250507Biografen Zita i Stockholm.Foto: Claudio Bresciani \/ TT \/ Kod 10090<br \/>\n        Claudio Bresciani\/TT\n    <\/p>\n<p>    En bojkottkampanj mot Israel som f\u00f6retag runt om i landet anslutit sig till kallas f\u00f6r \u201dapartheidfria zoner\u201d och \u00e4ven skattefinansierad verksamhet har slutit upp.\u00a0Men initiativet m\u00f6ter kritik och Stockholmsbiografen Zita valde att backa fr\u00e5n sin bojkottmedverkan.<\/p>\n<p>Bakom kampanjen st\u00e5r den kontroversiella, propalestinska BDS-r\u00f6relsens<br \/>\nsvenska gren. BDS inneb\u00e4r bojkott, desinvestering och sanktioner och syftar till<br \/>\natt f\u00e5 s\u00e5 m\u00e5nga i samh\u00e4llet som m\u00f6jligt att sluta interagera med Israel.<\/p>\n<p>Tanken \u00e4r att olika verksamheter ska bli \u201dapartheidfria<br \/>\nzoner\u201d genom att lova att inte samverka med israeliska akt\u00f6rer. Man ska sedan<br \/>\ns\u00e4tta upp ett klisterm\u00e4rke i sitt f\u00f6nster och \u201df\u00f6rklara\u201d sin plats som en \u201dapartheidfri<br \/>\nzon\u201d p\u00e5 sociala medier.\u00a0<\/p>\n<p>Enligt BDS Sverige har minst 100 f\u00f6retag, alltifr\u00e5n restauranger<br \/>\noch kaf\u00e9er till fris\u00f6rsalonger och studentf\u00f6reningar, anslutit sig. En av dessa<br \/>\nvar biografen Zita i Stockholm som uppb\u00e4r bidrag fr\u00e5n skattepengar. <\/p>\n<p> Komikern och debatt\u00f6ren Aron Flam reagerade starkt och<br \/>\nspelade in <a href=\"https:\/\/x.com\/AronFlam\/status\/2015782209316167899\" rel=\"nofollow\">en video<\/a> d\u00e4r han klistrade fast budskapet \u201dJudenrein\u201d (judefritt) p\u00e5<br \/>\nZitas skyltf\u00f6nster. Detta \u00e4r en h\u00e4nvisning till Nazityskland d\u00e4r verksamheter<br \/>\nv\u00e4grade betj\u00e4na judar och han anser att det finns likheter med den retorik som nu<br \/>\nanv\u00e4nds mot Israel.\u00a0<\/p>\n<p>\u2013 De till\u00e4mpar allts\u00e5 apartheid f\u00f6r att p\u00e5 n\u00e5got s\u00e4tt motverka apartheid, s\u00e4ger<br \/>\nFlam i videon.\u00a0<\/p>\n<p>Han betonar att yttrandefriheten \u00e4r viktig, men understryker det s\u00e4rskilda<br \/>\nansvar som f\u00f6ljer en verksamhet som bekostas av skattemedel.\u00a0<\/p>\n<p>P\u00e5 m\u00e5ndagen meddelade Zita att man v\u00e4ljer att backa fr\u00e5n Israelbojkotten. Bj\u00f6rn<br \/>\nJordell, ordf\u00f6rande, uppgav enligt TT att det fanns hot om att spr\u00e4nga<br \/>\nbiografen.\u00a0<\/p>\n<p>Men enligt Bulletin har det<a href=\"https:\/\/bulletin.nu\/polisen-inga-anmalningar-om-bombhot-mot-zita\" rel=\"nofollow noopener\" target=\"_blank\"> inte kommit in<\/a> n\u00e5gra anm\u00e4lningar om<br \/>\nbombhot mot Zita till polisen.\u00a0<\/p>\n<p>\u2013 Det d\u00e4r med bombhotet, det \u00e4r h\u00e5rdraget, s\u00e4ger Jordell senare till tidningen.\u00a0<\/p>\n<p>\u2013 Jag bara h\u00e4nvisade till uttalanden p\u00e5 n\u00e4tet, i\u00a0v\u00e5ra plattformar,<br \/>\nkommentarer, s\u00e5 talar de om att Zitas\u00a0murar ska falla och s\u00e5dana saker.<\/p>\n<p>Jordell s\u00e4ger till Bulletin att han upplever sig felciterad ang\u00e5ende bombhotet, men TT uppger f\u00f6r tidningen att man citerat honom r\u00e4tt. TT skriver i en ny artikel under onsdagen att det i motsats till vad Zita h\u00e4vdat inte gjorts\u00a0n\u00e5gra polisanm\u00e4lningar.<\/p>\n<p>\u2013 Jag trodde att ledningen hade polisanm\u00e4lt, men jag hade fel, s\u00e4ger Jordell som dock framh\u00e5ller att man ska g\u00f6ra en anm\u00e4lan av de hot som inkommit.<\/p>\n","protected":false},"excerpt":{"rendered":"BDS-r\u00f6relsen STOCKHOLM 20250507Biografen Zita i Stockholm.Foto: Claudio Bresciani \/ TT \/ Kod 10090 Claudio Bresciani\/TT En bojkottkampanj mot&hellip;\n","protected":false},"author":2,"featured_media":151357,"comment_status":"","ping_status":"","sticky":false,"template":"","format":"standard","meta":{"footnotes":""},"categories":[67],"tags":[104,34,31,33,32,30,105],"class_list":{"0":"post-151356","1":"post","2":"type-post","3":"status-publish","4":"format-standard","5":"has-post-thumbnail","7":"category-underhallning","8":"tag-entertainment","9":"tag-se","10":"tag-svenska","11":"tag-sverige","12":"tag-sweden","13":"tag-swedish","14":"tag-underhallning"},"share_on_mastodon":{"url":"https:\/\/pubeurope.com\/@se\/115984619454530210","error":""},"_links":{"self":[{"href":"https:\/\/www.europesays.com\/se\/wp-json\/wp\/v2\/posts\/151356","targetHints":{"allow":["GET"]}}],"collection":[{"href":"https:\/\/www.europesays.com\/se\/wp-json\/wp\/v2\/posts"}],"about":[{"href":"https:\/\/www.europesays.com\/se\/wp-json\/wp\/v2\/types\/post"}],"author":[{"embeddable":true,"href":"https:\/\/www.europesays.com\/se\/wp-json\/wp\/v2\/users\/2"}],"replies":[{"embeddable":true,"href":"https:\/\/www.europesays.com\/se\/wp-json\/wp\/v2\/comments?post=151356"}],"version-history":[{"count":0,"href":"https:\/\/www.europesays.com\/se\/wp-json\/wp\/v2\/posts\/151356\/revisions"}],"wp:featuredmedia":[{"embeddable":true,"href":"https:\/\/www.europesays.com\/se\/wp-json\/wp\/v2\/media\/151357"}],"wp:attachment":[{"href":"https:\/\/www.europesays.com\/se\/wp-json\/wp\/v2\/media?parent=151356"}],"wp:term":[{"taxonomy":"category","embeddable":true,"href":"https:\/\/www.europesays.com\/se\/wp-json\/wp\/v2\/categories?post=151356"},{"taxonomy":"post_tag","embeddable":true,"href":"https:\/\/www.europesays.com\/se\/wp-json\/wp\/v2\/tags?post=151356"}],"curies":[{"name":"wp","href":"https:\/\/api.w.org\/{rel}","templated":true}]}}