{"id":151360,"date":"2026-01-30T14:55:11","date_gmt":"2026-01-30T14:55:11","guid":{"rendered":"https:\/\/www.europesays.com\/se\/151360\/"},"modified":"2026-01-30T14:55:11","modified_gmt":"2026-01-30T14:55:11","slug":"nara-nedstangning-efter-omrostning-i-senaten-cnbc-oms","status":"publish","type":"post","link":"https:\/\/www.europesays.com\/se\/151360\/","title":{"rendered":"N\u00c4RA NEDST\u00c4NGNING EFTER OMR\u00d6STNING I SENATEN &#8211; CNBC (OMS)"},"content":{"rendered":"<p class=\"font-sans text-base text-text-main dark:text-text-main-dark font-normal leading-[1.4]\">(Oms\u00e4ndning: skickades f\u00f6rsta g\u00e5ngen p\u00e5 torsdagskv\u00e4llen)<\/p>\n<p class=\"font-sans text-base text-text-main dark:text-text-main-dark font-normal leading-[1.4]\">STOCKHOLM (Nyhetsbyr\u00e5n Direkt) Den amerikanska senaten lyckades inte ta sig f\u00f6rbi en avg\u00f6rande proceduromr\u00f6stning om ett centralt finansieringspaket f\u00f6r den federala regeringen. En nedst\u00e4ngning av den amerikanska statsapparaten \u00e4r d\u00e4rmed planerad att inledas p\u00e5 l\u00f6rdag.<\/p>\n<p class=\"font-sans text-base text-text-main dark:text-text-main-dark font-normal leading-[1.4]\">Det rapporterar CNBC.<\/p>\n<p class=\"font-sans text-base text-text-main dark:text-text-main-dark font-normal leading-[1.4]\">Demokraterna kr\u00e4ver att finansieringen till USA:s inrikess\u00e4kerhetsdepartement stryks fr\u00e5n det budgetpaketet, som omfattar sex olika budgetf\u00f6rslag.<\/p>\n<p class=\"font-sans text-base text-text-main dark:text-text-main-dark font-normal leading-[1.4]\">Omr\u00f6stningen f\u00f6ll med siffrorna 45\u201355, d\u00e4r sju republikaner ansl\u00f6t sig till demokraterna i att blockera f\u00f6rslaget.<\/p>\n<p class=\"font-sans text-base text-text-main dark:text-text-main-dark font-normal leading-[1.4]\">Utfallet \u00f6kar sannolikheten f\u00f6r en regeringsnedst\u00e4ngning denna vecka och v\u00e4ntas nu leda till nya f\u00f6rhandlingar mellan senatens republikaner och demokrater.<\/p>\n<p class=\"font-sans text-base text-text-main dark:text-text-main-dark font-normal leading-[1.4]\">Demokraterna kr\u00e4ver nya begr\u00e4nsningar av den federala immigrationskontrollen efter att agenter tidigare i m\u00e5naden sk\u00f6t ihj\u00e4l tv\u00e5 amerikanska medborgare i Minneapolis.<\/p>\n<p class=\"font-sans text-base text-text-main dark:text-text-main-dark font-normal leading-[1.4]\">B\u00f6rsredaktionen Nyhetsbyr\u00e5n Direkt<\/p>\n<p class=\"font-sans text-base text-text-main dark:text-text-main-dark font-normal leading-[1.4]\">+46 8 5191 7911<\/p>\n<p class=\"font-sans text-base text-text-main dark:text-text-main-dark font-normal leading-[1.4]\">borsdesken.direkt@direkt.se<\/p>\n","protected":false},"excerpt":{"rendered":"(Oms\u00e4ndning: skickades f\u00f6rsta g\u00e5ngen p\u00e5 torsdagskv\u00e4llen) STOCKHOLM (Nyhetsbyr\u00e5n Direkt) Den amerikanska senaten lyckades inte ta sig f\u00f6rbi en&hellip;\n","protected":false},"author":2,"featured_media":119816,"comment_status":"","ping_status":"","sticky":false,"template":"","format":"standard","meta":{"footnotes":""},"categories":[14],"tags":[22,23,26,27,17,21,24,25,28,29,15,16,18,34,31,33,32,30,19,20,51,52,53,54],"class_list":{"0":"post-151360","1":"post","2":"type-post","3":"status-publish","4":"format-standard","5":"has-post-thumbnail","7":"category-varlden","8":"tag-breaking-news","9":"tag-breakingnews","10":"tag-featured-news","11":"tag-featurednews","12":"tag-headlines","13":"tag-huvudnyheter","14":"tag-latest-news","15":"tag-latestnews","16":"tag-main-news","17":"tag-mainnews","18":"tag-news","19":"tag-nyheter","20":"tag-rubriker","21":"tag-se","22":"tag-svenska","23":"tag-sverige","24":"tag-sweden","25":"tag-swedish","26":"tag-top-stories","27":"tag-topstories","28":"tag-varlden","29":"tag-world","30":"tag-world-news","31":"tag-worldnews"},"share_on_mastodon":{"url":"https:\/\/pubeurope.com\/@se\/115984631406528578","error":""},"_links":{"self":[{"href":"https:\/\/www.europesays.com\/se\/wp-json\/wp\/v2\/posts\/151360","targetHints":{"allow":["GET"]}}],"collection":[{"href":"https:\/\/www.europesays.com\/se\/wp-json\/wp\/v2\/posts"}],"about":[{"href":"https:\/\/www.europesays.com\/se\/wp-json\/wp\/v2\/types\/post"}],"author":[{"embeddable":true,"href":"https:\/\/www.europesays.com\/se\/wp-json\/wp\/v2\/users\/2"}],"replies":[{"embeddable":true,"href":"https:\/\/www.europesays.com\/se\/wp-json\/wp\/v2\/comments?post=151360"}],"version-history":[{"count":0,"href":"https:\/\/www.europesays.com\/se\/wp-json\/wp\/v2\/posts\/151360\/revisions"}],"wp:featuredmedia":[{"embeddable":true,"href":"https:\/\/www.europesays.com\/se\/wp-json\/wp\/v2\/media\/119816"}],"wp:attachment":[{"href":"https:\/\/www.europesays.com\/se\/wp-json\/wp\/v2\/media?parent=151360"}],"wp:term":[{"taxonomy":"category","embeddable":true,"href":"https:\/\/www.europesays.com\/se\/wp-json\/wp\/v2\/categories?post=151360"},{"taxonomy":"post_tag","embeddable":true,"href":"https:\/\/www.europesays.com\/se\/wp-json\/wp\/v2\/tags?post=151360"}],"curies":[{"name":"wp","href":"https:\/\/api.w.org\/{rel}","templated":true}]}}