{"id":151361,"date":"2026-01-30T14:56:11","date_gmt":"2026-01-30T14:56:11","guid":{"rendered":"https:\/\/www.europesays.com\/se\/151361\/"},"modified":"2026-01-30T14:56:11","modified_gmt":"2026-01-30T14:56:11","slug":"problematiskt-nar-svt-granskar-studentparadiset","status":"publish","type":"post","link":"https:\/\/www.europesays.com\/se\/151361\/","title":{"rendered":"\u201dProblematiskt n\u00e4r SVT granskar Studentparadiset\u201d"},"content":{"rendered":"<p>\n\t\t\tDebatt<br \/>\n\t\tN\u00e4r internationella studenter skildras som \u201dfuskare\u201d utan kontext blir resultatet ytligt och mer or\u00e4ttvist misst\u00e4nkligg\u00f6rande \u00e4n granskning.<\/p>\n<p>SVT V\u00e4sts granskning Studentparadiset \u00e4r effektiv teve. Den ligger r\u00e4tt i en tid d\u00e4r utvisningar blivit vardag och d\u00e4r m\u00e4nniskor som migrerat m\u00f6ter allt h\u00f6gre tr\u00f6sklar p\u00e5 arbetsmarknaden. Man v\u00e4nder kameran mot Foodorabudet, kocken och snabbk\u00f6ps\u00e4garen f\u00f6r att st\u00e4lla dem mot v\u00e4ggen ang\u00e5ende varf\u00f6r de jobbar, och inte har f\u00e4rdigst\u00e4llt sina studier. Men programmet speglar inte den verklighet internationella studenter faktiskt lever i.<\/p>\n<p>I reportaget granskas agenturer som s\u00e4ljer \u201dstudiedr\u00f6mmen\u201d om Sverige och samtidigt erbjuder falska underlag \u2013 till exempel bankintyg \u2013 f\u00f6r att studenter ska klara kraven f\u00f6r uppeh\u00e5llstillst\u00e5nd. Som student fr\u00e5n ett land utanf\u00f6r EU m\u00e5ste du kunna visa att du har pengar p\u00e5 kontot f\u00f6r att ens f\u00e5 komma hit. D\u00e5 har m\u00e5nga redan betalat h\u00f6ga studieavgifter: omkring 50 000 kronor per termin till svenska universitet. Vissa har jobbat i flera \u00e5r f\u00f6r att spara ihop till avgiften.<\/p>\n<p>Det \u00e4r i sig ett relevant sp\u00e5r. Men programmet v\u00e4ljer en dramaturgi d\u00e4r \u201dfusket\u201d blir hela ber\u00e4ttelsen.<\/p>\n<p>P\u00e5 tre h\u00f6gskolor i v\u00e4stra Sverige klarar 770 av 876 studiekraven. Ingen av dessa studenter f\u00e5r komma till tals. N\u00e4r jag ser programmet, som granskande reporter med s\u00e4rskilt fokus p\u00e5 arbetsmarknad, blir jag illa ber\u00f6rd av hela reportaget. Studenterna beskrivs som \u201dfuskare\u201d, som om de parasiterar p\u00e5 svensk arbetsmarknad.<\/p>\n<p>De f\u00e5r inte vara subjekt i sin egen historia \u2013 de passerar f\u00f6rbi i flyktiga intervjuer, medan anklagelsen ligger kvar som en ram runt allt.<\/p>\n<p>En f\u00f6re detta student, numera kock, s\u00f6ks upp i sitt hem och smygfilmas \u2013 som om han vore kriminell. \u201dDid you work late yesterday?\u201d, \u00e4r en av de f\u00f6rsta fr\u00e5gorna som st\u00e4lls i trappuppg\u00e5ngen, till en person som knappt verkar f\u00f6rst\u00e5 varf\u00f6r journalister pl\u00f6tsligt st\u00e5r utanf\u00f6r hans d\u00f6rr.<\/p>\n<p>Det finns en fr\u00e5ga som borde st\u00e5 i centrum, men som programmet aldrig stannar i:<\/p>\n<p>Vilken arbetsmarknad \u00e4r det som m\u00f6ter m\u00e4nniskor som kommer hit?<\/p>\n<p>Svaret finns delvis i den bransch jag sj\u00e4lv nyligen granskat i boken Den sista milen, n\u00e4mligen gig-ekonomin och logistikbranschen. F\u00f6r m\u00e5nga internationella studenter jag m\u00f6tt i min rapportering \u00e4r Sverige l\u00e5ngt ifr\u00e5n ett paradis. F\u00f6r de flesta \u00e4r det ett rent helvete: studier ska kombineras med f\u00f6rs\u00f6rjning, utan marginaler, utan CSN, och ofta utan ekonomiskt skyddsn\u00e4t hemifr\u00e5n.<\/p>\n<p>K\u00e4llor ber\u00e4ttar hur de hamnar i l\u00e5gbetalda, tunga jobb som f\u00e5 andra vill ha. Logistikbranschen blir en samlingsplats f\u00f6r dem som inte sl\u00e4pps in n\u00e5gon annanstans. Samtidigt finns det de som faktiskt lyckas \u2013 som tar sig vidare till trygghet, som v\u00e5gar dr\u00f6mma om en framtid i Sverige. Det \u00e4r ocks\u00e5 en del av verkligheten. Men den kr\u00e4ver en ber\u00e4ttelse som rymmer mer \u00e4n misst\u00e4nkligg\u00f6rande.<\/p>\n<p>Dessutom har marginalerna minskat ytterligare de senaste \u00e5ren: l\u00f6nekravet f\u00f6r arbetstillst\u00e5nd ligger p\u00e5 80 procent av medianl\u00f6nen, sp\u00e5rbytet avskaffades i fjol, och f\u00f6r m\u00e5nga som migrerat \u00e4r det n\u00e4st intill om\u00f6jligt att f\u00e5 eller v\u00e5ga be om facklig hj\u00e4lp. Konsekvensen blir tystnad. M\u00e4nniskor v\u00e5gar inte larma om missf\u00f6rh\u00e5llanden. Det h\u00e4r \u00e4r m\u00e4nniskor som \u00e4r l\u00e4tta att exploatera. Det \u00e4r till exempel ingen slump att en internationell student var m\u00e5ls\u00e4gande i Sveriges f\u00f6rsta HD-dom avseende <a href=\"https:\/\/www.arbetaren.se\/2023\/12\/29\/utsattes-for-manniskoexploatering-nu-riskerar-de-utvisning\/\" rel=\"nofollow noopener\" target=\"_blank\">m\u00e4nniskoexploatering<\/a>.<\/p>\n<p>Granska g\u00e4rna universitetens ansvar och hur rekryteringsprocesser kan se ut. Granska g\u00e4rna agenturerna som s\u00e4ljer falska dr\u00f6mmar. Men st\u00e4ll r\u00e4tt ansvarsfr\u00e5gor och placera det i en kontext.<\/p>\n<p>N\u00e4r internationella studenter i ett granskande program om svensk arbetsmarknad g\u00f6rs till en grupp som \u201dlurar systemet\u201d m\u00e5ste vi som reportrar ocks\u00e5 st\u00e4lla oss fr\u00e5gan:<\/p>\n<p>Vem \u00e4r det som lurar vem?<\/p>\n<p><strong>Julia Lindblom<br \/><\/strong>gr\u00e4vande journalist p\u00e5 G\u00f6teborgs-Posten och f\u00f6rfattare till boken Den sista milen (Forum).<\/p>\n<p>Replik fr\u00e5n SVT V\u00e4st: <a href=\"https:\/\/www.journalisten.se\/debatt\/replik-granskningen-riktar-sig-inte-mot-internationella-studenter-som-grupp\/\" rel=\"nofollow noopener\" target=\"_blank\">\u201dGranskningen riktar sig inte mot internationella studenter som grupp\u201d<\/a><\/p>\n","protected":false},"excerpt":{"rendered":"Debatt N\u00e4r internationella studenter skildras som \u201dfuskare\u201d utan kontext blir resultatet ytligt och mer or\u00e4ttvist misst\u00e4nkligg\u00f6rande \u00e4n granskning.&hellip;\n","protected":false},"author":2,"featured_media":151362,"comment_status":"","ping_status":"","sticky":false,"template":"","format":"standard","meta":{"footnotes":""},"categories":[12],"tags":[22,23,26,27,17,21,24,25,28,29,15,16,18,34,31,33,32,30,19,20],"class_list":{"0":"post-151361","1":"post","2":"type-post","3":"status-publish","4":"format-standard","5":"has-post-thumbnail","7":"category-sverige","8":"tag-breaking-news","9":"tag-breakingnews","10":"tag-featured-news","11":"tag-featurednews","12":"tag-headlines","13":"tag-huvudnyheter","14":"tag-latest-news","15":"tag-latestnews","16":"tag-main-news","17":"tag-mainnews","18":"tag-news","19":"tag-nyheter","20":"tag-rubriker","21":"tag-se","22":"tag-svenska","23":"tag-sverige","24":"tag-sweden","25":"tag-swedish","26":"tag-top-stories","27":"tag-topstories"},"share_on_mastodon":{"url":"https:\/\/pubeurope.com\/@se\/115984635310818376","error":""},"_links":{"self":[{"href":"https:\/\/www.europesays.com\/se\/wp-json\/wp\/v2\/posts\/151361","targetHints":{"allow":["GET"]}}],"collection":[{"href":"https:\/\/www.europesays.com\/se\/wp-json\/wp\/v2\/posts"}],"about":[{"href":"https:\/\/www.europesays.com\/se\/wp-json\/wp\/v2\/types\/post"}],"author":[{"embeddable":true,"href":"https:\/\/www.europesays.com\/se\/wp-json\/wp\/v2\/users\/2"}],"replies":[{"embeddable":true,"href":"https:\/\/www.europesays.com\/se\/wp-json\/wp\/v2\/comments?post=151361"}],"version-history":[{"count":0,"href":"https:\/\/www.europesays.com\/se\/wp-json\/wp\/v2\/posts\/151361\/revisions"}],"wp:featuredmedia":[{"embeddable":true,"href":"https:\/\/www.europesays.com\/se\/wp-json\/wp\/v2\/media\/151362"}],"wp:attachment":[{"href":"https:\/\/www.europesays.com\/se\/wp-json\/wp\/v2\/media?parent=151361"}],"wp:term":[{"taxonomy":"category","embeddable":true,"href":"https:\/\/www.europesays.com\/se\/wp-json\/wp\/v2\/categories?post=151361"},{"taxonomy":"post_tag","embeddable":true,"href":"https:\/\/www.europesays.com\/se\/wp-json\/wp\/v2\/tags?post=151361"}],"curies":[{"name":"wp","href":"https:\/\/api.w.org\/{rel}","templated":true}]}}