{"id":151375,"date":"2026-01-30T15:05:08","date_gmt":"2026-01-30T15:05:08","guid":{"rendered":"https:\/\/www.europesays.com\/se\/151375\/"},"modified":"2026-01-30T15:05:08","modified_gmt":"2026-01-30T15:05:08","slug":"nytt-brak-i-v-partitoppen-vill-peta-shattak-men-han-far-stod-av-malmovanstern","status":"publish","type":"post","link":"https:\/\/www.europesays.com\/se\/151375\/","title":{"rendered":"Nytt br\u00e5k i V: Partitoppen vill peta Shattak \u2013 men han f\u00e5r st\u00f6d av Malm\u00f6v\u00e4nstern"},"content":{"rendered":"<p>Det stormar i V\u00e4nsterpartiet igen. P\u00e5 torsdagen slog partisekreteraren Maria Forsberg fast att Showan Shattak inte \u00e4r v\u00e4lkommen om han s\u00f6ker medlemskap p\u00e5 nytt. Shattak sitter i Malm\u00f6s kommunfullm\u00e4ktige f\u00f6r V\u00e4nsterpartiet men har inte betalat medlemsavgift till partiet och d\u00e4rf\u00f6r inte medlem.\u00a0<\/p>\n<p>Maria Forsberg uppmanade Showan Shattak att l\u00e4mna sina uppdrag efter att han st\u00f6ttat Rojavakommitt\u00e9ns aktioner mot ministrar. Bland annat kallade han det \u201dfyndigt\u201d att l\u00e4mna \u00e4pplen med vitm\u00e5lade Hitlermustascher utanf\u00f6r migrationsminister Johan Forssell (M) hem. Aktionerna syftar till att protestera mot regeringens \u00f6verenskommelse med den syriska regeringen om att landet f\u00e5r 295 miljoner i bist\u00e5nd mot att landet tar emot syriska medborgare som Sverige vill utvisa.<\/p>\n","protected":false},"excerpt":{"rendered":"Det stormar i V\u00e4nsterpartiet igen. P\u00e5 torsdagen slog partisekreteraren Maria Forsberg fast att Showan Shattak inte \u00e4r v\u00e4lkommen&hellip;\n","protected":false},"author":2,"featured_media":151376,"comment_status":"","ping_status":"","sticky":false,"template":"","format":"standard","meta":{"footnotes":""},"categories":[5],"tags":[22,23,26,27,17,21,24,25,28,29,15,16,18,34,31,33,32,30,19,20],"class_list":{"0":"post-151375","1":"post","2":"type-post","3":"status-publish","4":"format-standard","5":"has-post-thumbnail","7":"category-rubriker","8":"tag-breaking-news","9":"tag-breakingnews","10":"tag-featured-news","11":"tag-featurednews","12":"tag-headlines","13":"tag-huvudnyheter","14":"tag-latest-news","15":"tag-latestnews","16":"tag-main-news","17":"tag-mainnews","18":"tag-news","19":"tag-nyheter","20":"tag-rubriker","21":"tag-se","22":"tag-svenska","23":"tag-sverige","24":"tag-sweden","25":"tag-swedish","26":"tag-top-stories","27":"tag-topstories"},"share_on_mastodon":{"url":"https:\/\/pubeurope.com\/@se\/115984670569099674","error":""},"_links":{"self":[{"href":"https:\/\/www.europesays.com\/se\/wp-json\/wp\/v2\/posts\/151375","targetHints":{"allow":["GET"]}}],"collection":[{"href":"https:\/\/www.europesays.com\/se\/wp-json\/wp\/v2\/posts"}],"about":[{"href":"https:\/\/www.europesays.com\/se\/wp-json\/wp\/v2\/types\/post"}],"author":[{"embeddable":true,"href":"https:\/\/www.europesays.com\/se\/wp-json\/wp\/v2\/users\/2"}],"replies":[{"embeddable":true,"href":"https:\/\/www.europesays.com\/se\/wp-json\/wp\/v2\/comments?post=151375"}],"version-history":[{"count":0,"href":"https:\/\/www.europesays.com\/se\/wp-json\/wp\/v2\/posts\/151375\/revisions"}],"wp:featuredmedia":[{"embeddable":true,"href":"https:\/\/www.europesays.com\/se\/wp-json\/wp\/v2\/media\/151376"}],"wp:attachment":[{"href":"https:\/\/www.europesays.com\/se\/wp-json\/wp\/v2\/media?parent=151375"}],"wp:term":[{"taxonomy":"category","embeddable":true,"href":"https:\/\/www.europesays.com\/se\/wp-json\/wp\/v2\/categories?post=151375"},{"taxonomy":"post_tag","embeddable":true,"href":"https:\/\/www.europesays.com\/se\/wp-json\/wp\/v2\/tags?post=151375"}],"curies":[{"name":"wp","href":"https:\/\/api.w.org\/{rel}","templated":true}]}}