{"id":151382,"date":"2026-01-30T15:12:07","date_gmt":"2026-01-30T15:12:07","guid":{"rendered":"https:\/\/www.europesays.com\/se\/151382\/"},"modified":"2026-01-30T15:12:07","modified_gmt":"2026-01-30T15:12:07","slug":"svensk-minderarig-gripen-for-skjutning-i-nederlanderna","status":"publish","type":"post","link":"https:\/\/www.europesays.com\/se\/151382\/","title":{"rendered":"Svensk minder\u00e5rig gripen f\u00f6r skjutning i Nederl\u00e4nderna"},"content":{"rendered":"<p>En minder\u00e5rig svensk har gripits misst\u00e4nkt f\u00f6r inblandning i en skjutning utanf\u00f6r ett f\u00e4ngelse i Nederl\u00e4nderna, rapporterar Ekot.<\/p>\n<p>Skjutningen ska ha \u00e4gt rum den 16 januari, och den minder\u00e5rige greps den 23 januari, enligt ett pressmeddelande fr\u00e5n Europol.<\/p>\n<p>Vidare skriver Europol att den minder\u00e5rige kunnat gripas med hj\u00e4lp av information fr\u00e5n svenska myndigheter.<\/p>\n<p>Polisutredningen g\u00e4llande skjutningen forts\u00e4tter fram\u00f6ver, enligt Europol.<\/p>\n<p>Omni \u00e4r politiskt obundna och oberoende. Vi str\u00e4var efter att ge fler perspektiv p\u00e5 nyheterna. Har du fr\u00e5gor eller synpunkter kring v\u00e5r rapportering? <a href=\"https:\/\/omni.se\/svensk-tonaring-gripen-for-skjutning-utomlands\/a\/mailto:redaktion@omni.se\" class=\"ArticleActions_contactLink__W2F1M\" rel=\"nofollow noopener\" target=\"_blank\">Kontakta redaktionen<\/a><\/p>\n","protected":false},"excerpt":{"rendered":"En minder\u00e5rig svensk har gripits misst\u00e4nkt f\u00f6r inblandning i en skjutning utanf\u00f6r ett f\u00e4ngelse i Nederl\u00e4nderna, rapporterar Ekot.&hellip;\n","protected":false},"author":2,"featured_media":151383,"comment_status":"","ping_status":"","sticky":false,"template":"","format":"standard","meta":{"footnotes":""},"categories":[12],"tags":[22,23,26,27,17,21,24,25,28,29,15,16,18,34,31,33,32,30,19,20],"class_list":{"0":"post-151382","1":"post","2":"type-post","3":"status-publish","4":"format-standard","5":"has-post-thumbnail","7":"category-sverige","8":"tag-breaking-news","9":"tag-breakingnews","10":"tag-featured-news","11":"tag-featurednews","12":"tag-headlines","13":"tag-huvudnyheter","14":"tag-latest-news","15":"tag-latestnews","16":"tag-main-news","17":"tag-mainnews","18":"tag-news","19":"tag-nyheter","20":"tag-rubriker","21":"tag-se","22":"tag-svenska","23":"tag-sverige","24":"tag-sweden","25":"tag-swedish","26":"tag-top-stories","27":"tag-topstories"},"share_on_mastodon":{"url":"https:\/\/pubeurope.com\/@se\/115984698265495976","error":""},"_links":{"self":[{"href":"https:\/\/www.europesays.com\/se\/wp-json\/wp\/v2\/posts\/151382","targetHints":{"allow":["GET"]}}],"collection":[{"href":"https:\/\/www.europesays.com\/se\/wp-json\/wp\/v2\/posts"}],"about":[{"href":"https:\/\/www.europesays.com\/se\/wp-json\/wp\/v2\/types\/post"}],"author":[{"embeddable":true,"href":"https:\/\/www.europesays.com\/se\/wp-json\/wp\/v2\/users\/2"}],"replies":[{"embeddable":true,"href":"https:\/\/www.europesays.com\/se\/wp-json\/wp\/v2\/comments?post=151382"}],"version-history":[{"count":0,"href":"https:\/\/www.europesays.com\/se\/wp-json\/wp\/v2\/posts\/151382\/revisions"}],"wp:featuredmedia":[{"embeddable":true,"href":"https:\/\/www.europesays.com\/se\/wp-json\/wp\/v2\/media\/151383"}],"wp:attachment":[{"href":"https:\/\/www.europesays.com\/se\/wp-json\/wp\/v2\/media?parent=151382"}],"wp:term":[{"taxonomy":"category","embeddable":true,"href":"https:\/\/www.europesays.com\/se\/wp-json\/wp\/v2\/categories?post=151382"},{"taxonomy":"post_tag","embeddable":true,"href":"https:\/\/www.europesays.com\/se\/wp-json\/wp\/v2\/tags?post=151382"}],"curies":[{"name":"wp","href":"https:\/\/api.w.org\/{rel}","templated":true}]}}