{"id":151384,"date":"2026-01-30T15:13:15","date_gmt":"2026-01-30T15:13:15","guid":{"rendered":"https:\/\/www.europesays.com\/se\/151384\/"},"modified":"2026-01-30T15:13:15","modified_gmt":"2026-01-30T15:13:15","slug":"dokumentaren-om-melania-trump-kostade-75-miljoner-dollar-regissoren-forklarar","status":"publish","type":"post","link":"https:\/\/www.europesays.com\/se\/151384\/","title":{"rendered":"Dokument\u00e4ren om Melania Trump kostade 75 miljoner dollar \u2013 regiss\u00f6ren f\u00f6rklarar"},"content":{"rendered":"<p>Amazon MGM Studios dokument\u00e4rfilm \u201d<a href=\"https:\/\/www.moviezine.se\/nyheter\/melania-trump-dokumentaren-har-antligen-fatt-ett-premiardatum\" rel=\"nofollow noopener\" target=\"_blank\">Melania<\/a>\u201d har nu haft premi\u00e4r i Washington D.C. med starkt st\u00f6d fr\u00e5n USA:s president Donald Trump och stora delar av hans administration.<\/p>\n<p>Filmen skildrar Melania Trump under dagarna inf\u00f6r Trumps andra presidentinstallation och lanserades med ovanligt stora resurser. Den k\u00f6ptes in f\u00f6r cirka 40 miljoner dollar och ytterligare 35 miljoner lades p\u00e5 marknadsf\u00f6ring. Det g\u00f6r den till en av de dyraste dokument\u00e4rerna n\u00e5gonsin, rapporterar <a href=\"https:\/\/www.hollywoodreporter.com\/movies\/movie-news\/melania-doc-premiere-brett-ratner-75-million-trump-1236489307\/\" rel=\"nofollow noopener\" target=\"_blank\">The Hollywood Reporter<\/a>.<\/p>\n<p>Aff\u00e4ren mellan Amazon och Melania Trumps nystartade produktionsbolag Muse Films v\u00e4ckte fr\u00e5gor om intressekonflikter och korruption. Regiss\u00f6ren <strong>Brett Ratner<\/strong>, som g\u00f6r sitt f\u00f6rsta projekt sedan #MeToo-anklagelserna mot honom, avf\u00e4rdade kritiken.<\/p>\n<p>\u2013 Det d\u00e4r \u00e4r l\u00f6jligt, men okej, jag ska svara. Jag kan s\u00e4ga redan nu att om vi skulle bli granskade och de fr\u00e5gade: \u201cHur mycket lades p\u00e5 den h\u00e4r filmen?\u201d, s\u00e5 \u00e4r den h\u00e4r filmen en av de dyraste som n\u00e5gonsin gjorts inom genren \u2013 dokument\u00e4rer, s\u00e4ger Brett Ratner.<\/p>\n<p>\u2013 Det handlade inte om att bli rik. Jag menar, jag tror att Trumps redan \u00e4r tillr\u00e4ckligt rika och framg\u00e5ngsrika. Det h\u00e4r handlade om att ge mig m\u00f6jligheten att anlita v\u00e4rldens b\u00e4sta team, att inte bara tons\u00e4tta filmen med den b\u00e4sta komposit\u00f6ren.<\/p>\n<p>\u2013 N\u00e4r ni ser filmen kommer ni att s\u00e4ga: \u201cJaha, det \u00e4r hit pengarna gick.\u201d Det h\u00e4r handlade inte om korruption. Melania brydde sig bara om en sak: att g\u00f6ra en riktigt bra film f\u00f6r publiken.<\/p>\n<p>\u201cMelania\u201d g\u00e5r p\u00e5 bio i USA och kommer p\u00e5 sikt att visas p\u00e5 Prime Video. \u00c4n s\u00e5 l\u00e4nge har biljettf\u00f6rs\u00e4ljningen varit <a href=\"https:\/\/www.moviezine.se\/nyheter\/biofilmen-om-melania-trump-ser-ut-att-floppa-rejalt-kostade-40-miljoner-dollar\" rel=\"nofollow noopener\" target=\"_blank\">blygsam<\/a>.<\/p>\n<p>L\u00e4s ocks\u00e5: <a href=\"https:\/\/www.moviezine.se\/nyheter\/rush-hour-4-kostar-100-miljoner-dollar-spelas-in-i-kina-och-saudiarabien\" title=\"\u201dRush Hour 4\u201d kostar 100 miljoner dollar \u2013 spelas in i Kina och Saudiarabien\" class=\"underline-custom !font-montserrat !font-bold !underline-offset-4 !decoration-4 !decoration-moviezine-green !text-md\" rel=\"nofollow noopener\" target=\"_blank\">\u201dRush Hour 4\u201d kostar 100 miljoner dollar \u2013 spelas in i Kina och Saudiarabien<\/a><\/p>\n<p>L\u00e4s ocks\u00e5: <a href=\"https:\/\/www.moviezine.se\/nyheter\/trump-fick-som-han-ville-rush-hour-4-ar-pa-gang\" title=\"Trump fick som han ville: \u201cRush Hour 4\u201d \u00e4r p\u00e5 g\u00e5ng\" class=\"underline-custom !font-montserrat !font-bold !underline-offset-4 !decoration-4 !decoration-moviezine-green !text-md\" rel=\"nofollow noopener\" target=\"_blank\">Trump fick som han ville: \u201cRush Hour 4\u201d \u00e4r p\u00e5 g\u00e5ng<\/a><\/p>\n","protected":false},"excerpt":{"rendered":"Amazon MGM Studios dokument\u00e4rfilm \u201dMelania\u201d har nu haft premi\u00e4r i Washington D.C. med starkt st\u00f6d fr\u00e5n USA:s president&hellip;\n","protected":false},"author":2,"featured_media":151385,"comment_status":"","ping_status":"","sticky":false,"template":"","format":"standard","meta":{"footnotes":""},"categories":[5],"tags":[22,23,3780,26,27,17,21,24,25,28,29,15,16,18,34,31,33,32,30,19,20],"class_list":{"0":"post-151384","1":"post","2":"type-post","3":"status-publish","4":"format-standard","5":"has-post-thumbnail","7":"category-rubriker","8":"tag-breaking-news","9":"tag-breakingnews","10":"tag-dokumentar","11":"tag-featured-news","12":"tag-featurednews","13":"tag-headlines","14":"tag-huvudnyheter","15":"tag-latest-news","16":"tag-latestnews","17":"tag-main-news","18":"tag-mainnews","19":"tag-news","20":"tag-nyheter","21":"tag-rubriker","22":"tag-se","23":"tag-svenska","24":"tag-sverige","25":"tag-sweden","26":"tag-swedish","27":"tag-top-stories","28":"tag-topstories"},"share_on_mastodon":{"url":"https:\/\/pubeurope.com\/@se\/115984702062824816","error":""},"_links":{"self":[{"href":"https:\/\/www.europesays.com\/se\/wp-json\/wp\/v2\/posts\/151384","targetHints":{"allow":["GET"]}}],"collection":[{"href":"https:\/\/www.europesays.com\/se\/wp-json\/wp\/v2\/posts"}],"about":[{"href":"https:\/\/www.europesays.com\/se\/wp-json\/wp\/v2\/types\/post"}],"author":[{"embeddable":true,"href":"https:\/\/www.europesays.com\/se\/wp-json\/wp\/v2\/users\/2"}],"replies":[{"embeddable":true,"href":"https:\/\/www.europesays.com\/se\/wp-json\/wp\/v2\/comments?post=151384"}],"version-history":[{"count":0,"href":"https:\/\/www.europesays.com\/se\/wp-json\/wp\/v2\/posts\/151384\/revisions"}],"wp:featuredmedia":[{"embeddable":true,"href":"https:\/\/www.europesays.com\/se\/wp-json\/wp\/v2\/media\/151385"}],"wp:attachment":[{"href":"https:\/\/www.europesays.com\/se\/wp-json\/wp\/v2\/media?parent=151384"}],"wp:term":[{"taxonomy":"category","embeddable":true,"href":"https:\/\/www.europesays.com\/se\/wp-json\/wp\/v2\/categories?post=151384"},{"taxonomy":"post_tag","embeddable":true,"href":"https:\/\/www.europesays.com\/se\/wp-json\/wp\/v2\/tags?post=151384"}],"curies":[{"name":"wp","href":"https:\/\/api.w.org\/{rel}","templated":true}]}}