{"id":151388,"date":"2026-01-30T15:16:24","date_gmt":"2026-01-30T15:16:24","guid":{"rendered":"https:\/\/www.europesays.com\/se\/151388\/"},"modified":"2026-01-30T15:16:24","modified_gmt":"2026-01-30T15:16:24","slug":"film-med-supermodeller-har-premiar-i-kiruna","status":"publish","type":"post","link":"https:\/\/www.europesays.com\/se\/151388\/","title":{"rendered":"Film med supermodeller har premi\u00e4r i Kiruna"},"content":{"rendered":"<p>Filmen, som f\u00f6ljer tre f\u00f6re detta manliga supermodeller spelade av Marcus Schenkenberg, Rafael Edholm och Knut Berggren, handlar om v\u00e4gen tillbaka in i rampljuset genom musiken. Den tar upp \u00e4mnen som \u00e5ldrande och manlighet.I samband med att trion g\u00f6r sitt Kirunabes\u00f6k kommer de \u00e4ven upptr\u00e4da p\u00e5 scen n\u00e4r eftertexterna rullas.William Eliasson, biografansvarig p\u00e5 Aurora k<\/p>\n","protected":false},"excerpt":{"rendered":"Filmen, som f\u00f6ljer tre f\u00f6re detta manliga supermodeller spelade av Marcus Schenkenberg, Rafael Edholm och Knut Berggren, handlar&hellip;\n","protected":false},"author":2,"featured_media":151389,"comment_status":"","ping_status":"","sticky":false,"template":"","format":"standard","meta":{"footnotes":""},"categories":[67],"tags":[104,34,31,33,32,30,105],"class_list":{"0":"post-151388","1":"post","2":"type-post","3":"status-publish","4":"format-standard","5":"has-post-thumbnail","7":"category-underhallning","8":"tag-entertainment","9":"tag-se","10":"tag-svenska","11":"tag-sverige","12":"tag-sweden","13":"tag-swedish","14":"tag-underhallning"},"share_on_mastodon":{"url":"https:\/\/pubeurope.com\/@se\/115984713819339723","error":""},"_links":{"self":[{"href":"https:\/\/www.europesays.com\/se\/wp-json\/wp\/v2\/posts\/151388","targetHints":{"allow":["GET"]}}],"collection":[{"href":"https:\/\/www.europesays.com\/se\/wp-json\/wp\/v2\/posts"}],"about":[{"href":"https:\/\/www.europesays.com\/se\/wp-json\/wp\/v2\/types\/post"}],"author":[{"embeddable":true,"href":"https:\/\/www.europesays.com\/se\/wp-json\/wp\/v2\/users\/2"}],"replies":[{"embeddable":true,"href":"https:\/\/www.europesays.com\/se\/wp-json\/wp\/v2\/comments?post=151388"}],"version-history":[{"count":0,"href":"https:\/\/www.europesays.com\/se\/wp-json\/wp\/v2\/posts\/151388\/revisions"}],"wp:featuredmedia":[{"embeddable":true,"href":"https:\/\/www.europesays.com\/se\/wp-json\/wp\/v2\/media\/151389"}],"wp:attachment":[{"href":"https:\/\/www.europesays.com\/se\/wp-json\/wp\/v2\/media?parent=151388"}],"wp:term":[{"taxonomy":"category","embeddable":true,"href":"https:\/\/www.europesays.com\/se\/wp-json\/wp\/v2\/categories?post=151388"},{"taxonomy":"post_tag","embeddable":true,"href":"https:\/\/www.europesays.com\/se\/wp-json\/wp\/v2\/tags?post=151388"}],"curies":[{"name":"wp","href":"https:\/\/api.w.org\/{rel}","templated":true}]}}