{"id":151392,"date":"2026-01-30T15:20:35","date_gmt":"2026-01-30T15:20:35","guid":{"rendered":"https:\/\/www.europesays.com\/se\/151392\/"},"modified":"2026-01-30T15:20:35","modified_gmt":"2026-01-30T15:20:35","slug":"fotbollsmatchen-avbrots-storbrak-mellan-extremister-expressen","status":"publish","type":"post","link":"https:\/\/www.europesays.com\/se\/151392\/","title":{"rendered":"Fotbollsmatchen avbr\u00f6ts \u2013 storbr\u00e5k mellan extremister &#8211; Expressen"},"content":{"rendered":"<ol>\n<li><a href=\"https:\/\/news.google.com\/rss\/articles\/CBMilAFBVV95cUxNWmQ5SGtURjNmTklnUWNxMnlqMjVzdXZIOElWUXVNYVhPX1lZS1pWWndaNkUxekZNeVlWRll4MEVaeVNPdDhmX3ZwUE1LRFp1WnAzNmc3NG9yZ1U2TW15aGN1M2sxbldGVTVLRFFwQnlXa3AwcEI4VmtXdnFjWjBsWmRDdzFWcFN3SkU2czI1V0kxekZ0?oc=5\" target=\"_blank\" rel=\"nofollow noopener\">Fotbollsmatchen avbr\u00f6ts \u2013 storbr\u00e5k mellan extremister<\/a>&nbsp;&nbsp;Expressen<\/li>\n<li><a href=\"https:\/\/news.google.com\/rss\/articles\/CBMi0gFBVV95cUxNOWVjcFRBLU1MemZFUWM3aXo3QVg1d0VTQXhfYnNKVTdLYTA5TnJ1MWdiU3I5LURqSUhfY2xQeDRycnFobnZWa3dWcE9Qekp1aEo5YWFwMmVibDJLRVMydlBQUXg1SkpYcGdXWGdyMWU5cTI3NUlYUzlXcXhIT01ZUDE0NzE2cVpybXUyRWpLMWt4NGlvNERmODZhU3ZTbk1JYzdSN2l0ZW9adHNWNHM4YUdpblNHY3UxeDFuWkFuQXBSR0s2TENrVzRZUk1PYXFrbWc?oc=5\" target=\"_blank\" rel=\"nofollow noopener\">V\u00e4nsterextremist \u00e5talas \u2013 slog nazist i huvudet med glasflaska<\/a>&nbsp;&nbsp;Aftonbladet<\/li>\n<li><a href=\"https:\/\/news.google.com\/rss\/articles\/CBMitwFBVV95cUxPQ0l4YUdsMFAzWnNjczA3d1JXeDZqSjJOMzRwRFFiUldxNDVoQ1VPMWR3R3hFeXMtakVWTHU4RGFyQmoyOUJiMVVqcVRMZlBScTJ1VHppaU9tRktCSkFDWTI0WTVWX1lsR0JMUFlSZW9SQndHMXR5S095WDlDOXRqQnFLVS1VYmloXzdjQ3NBYzNuS2F6TDJBRzRLcEdQUjFMTnZnLUVrd2s1UXBBdFFpOGVNR2FyMnM?oc=5\" target=\"_blank\" rel=\"nofollow noopener\">V\u00e4nsterextremist \u00e5talas \u2013 slog h\u00f6gerextrem i huvudet med flaska i Aspudden<\/a>&nbsp;&nbsp;SVT Nyheter<\/li>\n<li><a href=\"https:\/\/news.google.com\/rss\/articles\/CBMioAFBVV95cUxONzduVDZ6aVBBVUMyTldFSmZNTmFvTEVkeC1xYTVyb0dwQmk3SWlwaXg5bnM3UUlDRVJkRkp0dDNoYjRoQkl0QlNycGxWaWlzVmRnZUgtVUF2RU9aaUprd0w3d044Q2loT1dUd2c0Z0NVWlhRQXNhbFptQk9rRDhZTlVBNFZxUHNqTzJNbXNJSWtoc0kxTlZIRWFrRDROVmEz?oc=5\" target=\"_blank\" rel=\"nofollow noopener\">Tv\u00e5 m\u00e4n \u00e5talas \u2013 misst\u00e4nks ha sparkat h\u00f6gerextrem 16-\u00e5ring i huvudet<\/a>&nbsp;&nbsp;ETC.se<\/li>\n<li><a href=\"https:\/\/news.google.com\/rss\/articles\/CBMilAFBVV95cUxPZE1lbnFkSTVmTjdDalJnOFRmOVhPc21jOXVNY3VSWDdqVFA3ZHd5UFVpdEZKVlI3dnNLQUdpOTA2RmM4TGFaRkNWclhsYnVFU0YwNnZaTHR0U3BzQ3VUWDhKOXlVSVVGcDZPZnZJeVZJSWpwUVNXQklMbUY0V0IwY192cHpjbzB6dTJJNnFsMHZ5YWVp?oc=5\" target=\"_blank\" rel=\"nofollow noopener\">V\u00e4nsteraktivist misst\u00e4nks \u2013 slog nazist med flaska<\/a>&nbsp;&nbsp;Expressen<\/li>\n<\/ol>\n","protected":false},"excerpt":{"rendered":"Fotbollsmatchen avbr\u00f6ts \u2013 storbr\u00e5k mellan extremister&nbsp;&nbsp;Expressen V\u00e4nsterextremist \u00e5talas \u2013 slog nazist i huvudet med glasflaska&nbsp;&nbsp;Aftonbladet V\u00e4nsterextremist \u00e5talas \u2013&hellip;\n","protected":false},"author":2,"featured_media":151393,"comment_status":"","ping_status":"","sticky":false,"template":"","format":"standard","meta":{"footnotes":""},"categories":[12],"tags":[22,23,26,27,17,21,24,25,14473,28,29,15,16,18,34,666,31,33,32,30,19,1496,136,20],"class_list":{"0":"post-151392","1":"post","2":"type-post","3":"status-publish","4":"format-standard","5":"has-post-thumbnail","7":"category-sverige","8":"tag-breaking-news","9":"tag-breakingnews","10":"tag-featured-news","11":"tag-featurednews","12":"tag-headlines","13":"tag-huvudnyheter","14":"tag-latest-news","15":"tag-latestnews","16":"tag-location-aspudden","17":"tag-main-news","18":"tag-mainnews","19":"tag-news","20":"tag-nyheter","21":"tag-rubriker","22":"tag-se","23":"tag-sections-krim","24":"tag-svenska","25":"tag-sverige","26":"tag-sweden","27":"tag-swedish","28":"tag-top-stories","29":"tag-topic-misshandel-overfall","30":"tag-topic-rattegangar-domar","31":"tag-topstories"},"share_on_mastodon":{"url":"https:\/\/pubeurope.com\/@se\/115984729701756800","error":""},"_links":{"self":[{"href":"https:\/\/www.europesays.com\/se\/wp-json\/wp\/v2\/posts\/151392","targetHints":{"allow":["GET"]}}],"collection":[{"href":"https:\/\/www.europesays.com\/se\/wp-json\/wp\/v2\/posts"}],"about":[{"href":"https:\/\/www.europesays.com\/se\/wp-json\/wp\/v2\/types\/post"}],"author":[{"embeddable":true,"href":"https:\/\/www.europesays.com\/se\/wp-json\/wp\/v2\/users\/2"}],"replies":[{"embeddable":true,"href":"https:\/\/www.europesays.com\/se\/wp-json\/wp\/v2\/comments?post=151392"}],"version-history":[{"count":0,"href":"https:\/\/www.europesays.com\/se\/wp-json\/wp\/v2\/posts\/151392\/revisions"}],"wp:featuredmedia":[{"embeddable":true,"href":"https:\/\/www.europesays.com\/se\/wp-json\/wp\/v2\/media\/151393"}],"wp:attachment":[{"href":"https:\/\/www.europesays.com\/se\/wp-json\/wp\/v2\/media?parent=151392"}],"wp:term":[{"taxonomy":"category","embeddable":true,"href":"https:\/\/www.europesays.com\/se\/wp-json\/wp\/v2\/categories?post=151392"},{"taxonomy":"post_tag","embeddable":true,"href":"https:\/\/www.europesays.com\/se\/wp-json\/wp\/v2\/tags?post=151392"}],"curies":[{"name":"wp","href":"https:\/\/api.w.org\/{rel}","templated":true}]}}