{"id":151403,"date":"2026-01-30T15:28:23","date_gmt":"2026-01-30T15:28:23","guid":{"rendered":"https:\/\/www.europesays.com\/se\/151403\/"},"modified":"2026-01-30T15:28:23","modified_gmt":"2026-01-30T15:28:23","slug":"testa-det-har-innan-ni-hojer-skatten","status":"publish","type":"post","link":"https:\/\/www.europesays.com\/se\/151403\/","title":{"rendered":"Testa det h\u00e4r innan ni h\u00f6jer skatten"},"content":{"rendered":"<p>Svenska kommuner st\u00e5r inf\u00f6r en pressad ekonomisk verklighet. Kostnaderna \u00f6kar snabbare \u00e4n int\u00e4kterna, samtidigt som efterfr\u00e5gan p\u00e5 v\u00e4lf\u00e4rdstj\u00e4nster v\u00e4xer. M\u00e5nga kommuner svarar reflexm\u00e4ssigt med skatteh\u00f6jningar. Men erfarenheten fr\u00e5n en rad kommuner med olika politiska styren visar att det finns ett alternativ: att organisera sig smartare, styra tydligare och v\u00e5ga testa nytt. Det visar vi i en ny rapport fr\u00e5n Timbro.<\/p>\n<p>De mest effektiva kommunerna i landet har inte tillg\u00e5ng till magiska resurser eller unika f\u00f6ruts\u00e4ttningar. De har gjort det som alla kommuner kan g\u00f6ra: satt tydliga m\u00e5l, f\u00f6ljt upp dem konsekvent och v\u00e5gat prioritera.<\/p>\n<p><strong>K\u00e4vlinge \u00e4r ett bra <\/strong>exempel. D\u00e4r har det M-ledda styret inf\u00f6rt den s\u00e5 kallade 10\/10-modellen, med m\u00e5let att b\u00e5de h\u00f6ra till de 10 procent mest kostnadseffektiva kommunerna och samtidigt de 10 procent som levererar h\u00f6gst kvalitet. Genom att s\u00e4tta ribban h\u00f6gt och m\u00e4ta systematiskt mot m\u00e5len har man etablerat en kultur av st\u00e4ndig f\u00f6rb\u00e4ttring. Som resultat lyckades man s\u00e5 sent som i h\u00f6stas klubba en ny skattes\u00e4nkning i kommunen som innebar att K\u00e4vlinge blev den kommun i Sverige med n\u00e4st l\u00e4gst skatt.<\/p>\n<p>Det \u00e4r inte bara borgerligt styrda kommuner som klarar av att minska medborgarnas skatteb\u00f6rda. P\u00e5 Orust i Bohusl\u00e4ns sk\u00e4rg\u00e5rd har det S-ledda kommunstyret lyckats s\u00e4nka skatten \u00e5tta \u00e5r i rad. Bland \u00e5tg\u00e4rderna som genomf\u00f6rts finns l\u00e5gt h\u00e4ngande frukter som att se \u00f6ver dyra avtal, till exempel avseende skolskjuts, och att upphandla matleverans till brukare i hemtj\u00e4nsten f\u00f6r att personalen inte ska l\u00e4gga dyrbar arbetstid p\u00e5 att g\u00e5 runt i matbutiken.<\/p>\n<p><strong>I Sj\u00f6bo har kommunen <\/strong>digitaliserat delar av hemtj\u00e4nsten genom bland annat digitala hemtj\u00e4nstbes\u00f6k. Tidigare gick mycket av personalens tid \u00e5t till resor mellan brukare f\u00f6r korta nattbes\u00f6k. Nu kan tillsynen ske digitalt, vilket frigjort m\u00e5nga timmar av personalens tid varje \u00e5r. Brukarna upplever samtidigt st\u00f6rre trygghet eftersom hj\u00e4lp kan s\u00e4ttas in direkt om n\u00e5got h\u00e4nder. Kommunen har p\u00e5 s\u00e5 s\u00e4tt minskat kostnaderna och samtidigt f\u00f6rb\u00e4ttrat kvaliteten i omsorgen.<\/p>\n<p>\u00c4ven inom socialtj\u00e4nsten finns potential. Flera kommuner, d\u00e4ribland Helsingborg, har varit ledande i att ta fram AI-st\u00f6d f\u00f6r socialsekreterare. I st\u00e4llet f\u00f6r att drunkna i dokumentation kan handl\u00e4ggarna l\u00e5ta AI sammanst\u00e4lla underlag, sortera \u00e4renden och f\u00f6resl\u00e5 prioriteringar. Det betyder inte att datorn tar besluten, utan att socialsekreterarna f\u00e5r mer tid f\u00f6r m\u00f6ten med m\u00e4nniskor och kan fatta b\u00e4ttre, mer v\u00e4lgrundade beslut.<\/p>\n<p>Det gemensamma f\u00f6r dessa kommuner \u00e4r inte unika f\u00f6ruts\u00e4ttningar, utan en vilja att faktiskt f\u00f6rs\u00f6ka. N\u00e4r politiken s\u00e4tter upp klara m\u00e5l och organisationen vet vad som g\u00e4ller, g\u00e5r det att frig\u00f6ra resurser, testa nytt och samtidigt h\u00f6ja kvaliteten. Svenska kommuner beh\u00f6ver inte fler utredningar som konstaterar att resurserna inte r\u00e4cker.<\/p>\n<p>De beh\u00f6ver ledarskap som v\u00e5gar s\u00e4tta ambitionsniv\u00e5n h\u00f6gt, dra nytta av befintlig kunskap och faktiskt g\u00f6ra jobbet. Det \u00e4r inte sv\u00e5rare \u00e4n att f\u00f6rs\u00f6ka.<\/p>\n<p><strong>Smail Habul,<\/strong> rapportf\u00f6rfattare, Timbro<br \/><strong>Rutger Brattstr\u00f6m<\/strong>, projektledare inom internationell marknadsekonomi, Timbro<\/p>\n","protected":false},"excerpt":{"rendered":"Svenska kommuner st\u00e5r inf\u00f6r en pressad ekonomisk verklighet. Kostnaderna \u00f6kar snabbare \u00e4n int\u00e4kterna, samtidigt som efterfr\u00e5gan p\u00e5 v\u00e4lf\u00e4rdstj\u00e4nster&hellip;\n","protected":false},"author":2,"featured_media":151404,"comment_status":"","ping_status":"","sticky":false,"template":"","format":"standard","meta":{"footnotes":""},"categories":[12],"tags":[22,23,26,27,17,21,24,25,28,29,15,16,18,34,31,33,32,30,19,20],"class_list":{"0":"post-151403","1":"post","2":"type-post","3":"status-publish","4":"format-standard","5":"has-post-thumbnail","7":"category-sverige","8":"tag-breaking-news","9":"tag-breakingnews","10":"tag-featured-news","11":"tag-featurednews","12":"tag-headlines","13":"tag-huvudnyheter","14":"tag-latest-news","15":"tag-latestnews","16":"tag-main-news","17":"tag-mainnews","18":"tag-news","19":"tag-nyheter","20":"tag-rubriker","21":"tag-se","22":"tag-svenska","23":"tag-sverige","24":"tag-sweden","25":"tag-swedish","26":"tag-top-stories","27":"tag-topstories"},"share_on_mastodon":{"url":"https:\/\/pubeurope.com\/@se\/115984761168202210","error":""},"_links":{"self":[{"href":"https:\/\/www.europesays.com\/se\/wp-json\/wp\/v2\/posts\/151403","targetHints":{"allow":["GET"]}}],"collection":[{"href":"https:\/\/www.europesays.com\/se\/wp-json\/wp\/v2\/posts"}],"about":[{"href":"https:\/\/www.europesays.com\/se\/wp-json\/wp\/v2\/types\/post"}],"author":[{"embeddable":true,"href":"https:\/\/www.europesays.com\/se\/wp-json\/wp\/v2\/users\/2"}],"replies":[{"embeddable":true,"href":"https:\/\/www.europesays.com\/se\/wp-json\/wp\/v2\/comments?post=151403"}],"version-history":[{"count":0,"href":"https:\/\/www.europesays.com\/se\/wp-json\/wp\/v2\/posts\/151403\/revisions"}],"wp:featuredmedia":[{"embeddable":true,"href":"https:\/\/www.europesays.com\/se\/wp-json\/wp\/v2\/media\/151404"}],"wp:attachment":[{"href":"https:\/\/www.europesays.com\/se\/wp-json\/wp\/v2\/media?parent=151403"}],"wp:term":[{"taxonomy":"category","embeddable":true,"href":"https:\/\/www.europesays.com\/se\/wp-json\/wp\/v2\/categories?post=151403"},{"taxonomy":"post_tag","embeddable":true,"href":"https:\/\/www.europesays.com\/se\/wp-json\/wp\/v2\/tags?post=151403"}],"curies":[{"name":"wp","href":"https:\/\/api.w.org\/{rel}","templated":true}]}}