{"id":151411,"date":"2026-01-30T15:36:07","date_gmt":"2026-01-30T15:36:07","guid":{"rendered":"https:\/\/www.europesays.com\/se\/151411\/"},"modified":"2026-01-30T15:36:07","modified_gmt":"2026-01-30T15:36:07","slug":"generalsekreteraren-fn-nara-ekonomisk-kollaps","status":"publish","type":"post","link":"https:\/\/www.europesays.com\/se\/151411\/","title":{"rendered":"Generalsekreteraren: FN n\u00e4ra ekonomisk kollaps"},"content":{"rendered":"<p>FN riskerar en n\u00e4ra f\u00f6rest\u00e5ende ekonomisk kollaps, skriver generalsekreteraren Ant\u00f3nio Guterres i ett brev till medlemsl\u00e4nderna som Reuters tagit del av.<\/p>\n<p>Anledningen \u00e4r att USA, som \u00e4r FN:s st\u00f6rsta bidragsgivare, dragit ner p\u00e5 sin finansiering samt v\u00e4grat betala obligatoriska avgifter, skriver nyhetsbyr\u00e5n. Guterres n\u00e4mner d\u00e4remot inte USA i sitt brev.<\/p>\n<p>Guterres skriver att krisen f\u00f6rdjupas och att situationen kommer att f\u00f6rv\u00e4rras ytterligare den n\u00e4rmaste framtiden. Redan i juli kan pengarna vara slut, varnar han.<\/p>\n<p>\u201dAntingen fullg\u00f6r alla medlemsstater sina \u00e5taganden genom att betala fullt ut och i tid \u2013 eller s\u00e5 m\u00e5ste medlemsstaterna i grunden se \u00f6ver v\u00e5ra finansiella regler f\u00f6r att f\u00f6rhindra en f\u00f6rest\u00e5ende finansiell kollaps\u201d, skriver Guterres utan att specificera vilka stater han syftar p\u00e5.<\/p>\n<p>Omni \u00e4r politiskt obundna och oberoende. Vi str\u00e4var efter att ge fler perspektiv p\u00e5 nyheterna. Har du fr\u00e5gor eller synpunkter kring v\u00e5r rapportering? <a href=\"https:\/\/omni.se\/guterres-fn-nara-ekonomisk-kollaps\/a\/mailto:redaktion@omni.se\" class=\"ArticleActions_contactLink__W2F1M\" rel=\"nofollow noopener\" target=\"_blank\">Kontakta redaktionen<\/a><\/p>\n","protected":false},"excerpt":{"rendered":"FN riskerar en n\u00e4ra f\u00f6rest\u00e5ende ekonomisk kollaps, skriver generalsekreteraren Ant\u00f3nio Guterres i ett brev till medlemsl\u00e4nderna som Reuters&hellip;\n","protected":false},"author":2,"featured_media":151412,"comment_status":"","ping_status":"","sticky":false,"template":"","format":"standard","meta":{"footnotes":""},"categories":[12],"tags":[387,3196,22,23,26,27,17,21,24,25,28,29,15,268,16,18,34,31,33,32,30,19,20,74],"class_list":{"0":"post-151411","1":"post","2":"type-post","3":"status-publish","4":"format-standard","5":"has-post-thumbnail","7":"category-sverige","8":"tag-amerikansk-politik","9":"tag-antonio-guterres","10":"tag-breaking-news","11":"tag-breakingnews","12":"tag-featured-news","13":"tag-featurednews","14":"tag-headlines","15":"tag-huvudnyheter","16":"tag-latest-news","17":"tag-latestnews","18":"tag-main-news","19":"tag-mainnews","20":"tag-news","21":"tag-nordamerika","22":"tag-nyheter","23":"tag-rubriker","24":"tag-se","25":"tag-svenska","26":"tag-sverige","27":"tag-sweden","28":"tag-swedish","29":"tag-top-stories","30":"tag-topstories","31":"tag-usa"},"share_on_mastodon":{"url":"https:\/\/pubeurope.com\/@se\/115984792636217654","error":""},"_links":{"self":[{"href":"https:\/\/www.europesays.com\/se\/wp-json\/wp\/v2\/posts\/151411","targetHints":{"allow":["GET"]}}],"collection":[{"href":"https:\/\/www.europesays.com\/se\/wp-json\/wp\/v2\/posts"}],"about":[{"href":"https:\/\/www.europesays.com\/se\/wp-json\/wp\/v2\/types\/post"}],"author":[{"embeddable":true,"href":"https:\/\/www.europesays.com\/se\/wp-json\/wp\/v2\/users\/2"}],"replies":[{"embeddable":true,"href":"https:\/\/www.europesays.com\/se\/wp-json\/wp\/v2\/comments?post=151411"}],"version-history":[{"count":0,"href":"https:\/\/www.europesays.com\/se\/wp-json\/wp\/v2\/posts\/151411\/revisions"}],"wp:featuredmedia":[{"embeddable":true,"href":"https:\/\/www.europesays.com\/se\/wp-json\/wp\/v2\/media\/151412"}],"wp:attachment":[{"href":"https:\/\/www.europesays.com\/se\/wp-json\/wp\/v2\/media?parent=151411"}],"wp:term":[{"taxonomy":"category","embeddable":true,"href":"https:\/\/www.europesays.com\/se\/wp-json\/wp\/v2\/categories?post=151411"},{"taxonomy":"post_tag","embeddable":true,"href":"https:\/\/www.europesays.com\/se\/wp-json\/wp\/v2\/tags?post=151411"}],"curies":[{"name":"wp","href":"https:\/\/api.w.org\/{rel}","templated":true}]}}