{"id":151413,"date":"2026-01-30T15:37:11","date_gmt":"2026-01-30T15:37:11","guid":{"rendered":"https:\/\/www.europesays.com\/se\/151413\/"},"modified":"2026-01-30T15:37:11","modified_gmt":"2026-01-30T15:37:11","slug":"danmark-utvisar-manniskor-som-doms-till-fangelse-utrikes","status":"publish","type":"post","link":"https:\/\/www.europesays.com\/se\/151413\/","title":{"rendered":"Danmark utvisar m\u00e4nniskor som d\u00f6ms till f\u00e4ngelse | Utrikes"},"content":{"rendered":"<p class=\"aw-1gybjub aw-5vja16 kEtdKx kmuxyA yle__article__paragraph\">Danmark sk\u00e4rper best\u00e4mmelser som g\u00e4ller utl\u00e4nningar igen.<\/p>\n<p><img decoding=\"async\" alt=\"Mette Frederiksen.\" src=\"https:\/\/www.europesays.com\/se\/wp-content\/uploads\/2026\/01\/39-152848168d4fcfc96d18.jpeg\" class=\"aw-1l9m598 hKVVvP\"\/><\/p>\n<p>\u00d6ppna bildvisare<\/p>\n<p>Mette Frederiksen f\u00f6reslog redan i sitt ny\u00e5rstal att fler kriminella borde skickas ut ur landet.  P\u00e5 fredagen presenterar regeringen sin utvisningsplan. Bild: Emil Nicolai Helms \/ EPALyssna (du h\u00f6r en artificiell r\u00f6st) 1:17<\/p>\n<p class=\"aw-1gybjub aw-1p7kakr kEtdKx cEmitX yle__article__paragraph\">Danmark kommer att utvisa utl\u00e4nningar om de f\u00e5r en f\u00e4ngelsedom p\u00e5 ett \u00e5r eller mer.<\/p>\n<p class=\"aw-1gybjub aw-1p7kakr kEtdKx cEmitX yle__article__paragraph\">Det meddelade regeringen p\u00e5 fredagen i samband med en presentation av nya \u00e5tg\u00e4rder som sk\u00e4rper invandringspolitiken.<\/p>\n<p class=\"aw-1gybjub aw-1p7kakr kEtdKx cEmitX yle__article__paragraph\">Utl\u00e4ndska brottslingar som d\u00f6mts till minst ett \u00e5rs f\u00e4ngelse f\u00f6r allvarliga brott s\u00e5som grov misshandel och v\u00e5ldt\u00e4kt b\u00f6r i princip utvisas, s\u00e4ger immigrationsministeriet i ett uttalande.<\/p>\n<p>Internationellt skydd finns mot utvisning<\/p>\n<p class=\"aw-1gybjub aw-1p7kakr kEtdKx cEmitX yle__article__paragraph\">Enligt nuvarande regler \u00e4r utvisningar inte automatiska. Det finns internationella konventioner som skyddar r\u00e4tten till privatliv och familjeliv. Det finns ocks\u00e5 regler f\u00f6r skydd mot om\u00e4nsklig behandling.<\/p>\n<p class=\"aw-1gybjub aw-1p7kakr kEtdKx cEmitX yle__article__paragraph\">Europeiska domstolen f\u00f6r m\u00e4nskliga r\u00e4ttigheter st\u00e5r f\u00f6r n\u00e4rvarande i v\u00e4gen f\u00f6r det danska beslutet i vissa fall \u2013 men Danmark och andra l\u00e4nder f\u00f6rs\u00f6ker \u00e4ndra p\u00e5 den h\u00e4r praxisen, rapporterar <a class=\"aw-iao6s4 iHOxEa yle__article__link\" href=\"https:\/\/www.dr.dk\/nyheder\/politik\/fodlaenke-til-kriminelle-og-ambassade-i-syrien-ny-udvisningsreform-praesenteret\" role=\"link\" rel=\"nofollow noopener\" target=\"_blank\">Danmarks Radio<\/a>.<\/p>\n<p class=\"aw-1gybjub aw-1p7kakr kEtdKx cEmitX yle__article__paragraph\">Under tiden kommer den danska regeringen \u00e4nd\u00e5 att genomf\u00f6ra reformen \u2013 tills domstolen kanske s\u00e4tter stopp f\u00f6r det.<\/p>\n<p class=\"aw-1gybjub aw-1p7kakr kEtdKx cEmitX yle__article__paragraph\">Regeringen kommer att utse en s\u00e4rskild utvisningsambassad\u00f6r f\u00f6r att hantera utvisningarna.<\/p>\n<p class=\"aw-1gybjub aw-1p7kakr kEtdKx cEmitX yle__article__paragraph\">K\u00e4lla: AFP<\/p>\n","protected":false},"excerpt":{"rendered":"Danmark sk\u00e4rper best\u00e4mmelser som g\u00e4ller utl\u00e4nningar igen. \u00d6ppna bildvisare Mette Frederiksen f\u00f6reslog redan i sitt ny\u00e5rstal att fler&hellip;\n","protected":false},"author":2,"featured_media":151414,"comment_status":"","ping_status":"","sticky":false,"template":"","format":"standard","meta":{"footnotes":""},"categories":[5],"tags":[22,23,26,27,17,21,24,25,28,29,15,16,18,34,31,33,32,30,19,20,237],"class_list":{"0":"post-151413","1":"post","2":"type-post","3":"status-publish","4":"format-standard","5":"has-post-thumbnail","7":"category-rubriker","8":"tag-breaking-news","9":"tag-breakingnews","10":"tag-featured-news","11":"tag-featurednews","12":"tag-headlines","13":"tag-huvudnyheter","14":"tag-latest-news","15":"tag-latestnews","16":"tag-main-news","17":"tag-mainnews","18":"tag-news","19":"tag-nyheter","20":"tag-rubriker","21":"tag-se","22":"tag-svenska","23":"tag-sverige","24":"tag-sweden","25":"tag-swedish","26":"tag-top-stories","27":"tag-topstories","28":"tag-utrikes"},"share_on_mastodon":{"url":"https:\/\/pubeurope.com\/@se\/115984796418301297","error":""},"_links":{"self":[{"href":"https:\/\/www.europesays.com\/se\/wp-json\/wp\/v2\/posts\/151413","targetHints":{"allow":["GET"]}}],"collection":[{"href":"https:\/\/www.europesays.com\/se\/wp-json\/wp\/v2\/posts"}],"about":[{"href":"https:\/\/www.europesays.com\/se\/wp-json\/wp\/v2\/types\/post"}],"author":[{"embeddable":true,"href":"https:\/\/www.europesays.com\/se\/wp-json\/wp\/v2\/users\/2"}],"replies":[{"embeddable":true,"href":"https:\/\/www.europesays.com\/se\/wp-json\/wp\/v2\/comments?post=151413"}],"version-history":[{"count":0,"href":"https:\/\/www.europesays.com\/se\/wp-json\/wp\/v2\/posts\/151413\/revisions"}],"wp:featuredmedia":[{"embeddable":true,"href":"https:\/\/www.europesays.com\/se\/wp-json\/wp\/v2\/media\/151414"}],"wp:attachment":[{"href":"https:\/\/www.europesays.com\/se\/wp-json\/wp\/v2\/media?parent=151413"}],"wp:term":[{"taxonomy":"category","embeddable":true,"href":"https:\/\/www.europesays.com\/se\/wp-json\/wp\/v2\/categories?post=151413"},{"taxonomy":"post_tag","embeddable":true,"href":"https:\/\/www.europesays.com\/se\/wp-json\/wp\/v2\/tags?post=151413"}],"curies":[{"name":"wp","href":"https:\/\/api.w.org\/{rel}","templated":true}]}}