{"id":151420,"date":"2026-01-30T15:45:23","date_gmt":"2026-01-30T15:45:23","guid":{"rendered":"https:\/\/www.europesays.com\/se\/151420\/"},"modified":"2026-01-30T15:45:23","modified_gmt":"2026-01-30T15:45:23","slug":"kevin-warsh-blir-ny-fed-chef","status":"publish","type":"post","link":"https:\/\/www.europesays.com\/se\/151420\/","title":{"rendered":"Kevin Warsh blir ny Fed-chef"},"content":{"rendered":"<p>Kevin Warsh v\u00e4ntas eftertr\u00e4da Jerome Powell, vars mandatperiod l\u00f6per ut i maj, f\u00f6rutsatt att senaten ger honom sitt godk\u00e4nnande.<\/p>\n<p>\u2013 Jag har k\u00e4nt Kevin under l\u00e5ng tid och \u00e4r \u00f6vertygad om att han kommer att g\u00e5 till historien som en av de stora Fed-ordf\u00f6randena, kanske den b\u00e4sta. Ut\u00f6ver det \u00e4r han en perfekt representant f\u00f6r sin roll, skriver Donald Trump p\u00e5 Truth Social.<\/p>\n<p>USA-ekonomen: Han stod p\u00e5 favoritlistan <\/p>\n<p>Warsh satt i Feds styrelse under \u00e5ren 2006\u20132011 och blev med sina d\u00e5 35 \u00e5r den yngsta personen som n\u00e5gonsin tj\u00e4nstgjort i styrelsen. <\/p>\n<p>Han var \u00e4ven ekonomisk r\u00e5dgivare till Trump under den f\u00f6rra presidentperioden och har l\u00e4nge setts som en av presidentens favoriter till posten som ny Fed-chef.<\/p>\n<p>\u2013 Han stod p\u00e5 favoritlistan redan f\u00f6rra g\u00e5ngen men s\u00e5 fick Powell jobbet i st\u00e4llet, och det s\u00e4gs att Donald Trump sedan \u00e5ngrade sig, s\u00e4ger Elisabet Kopelman, USA-ekonom p\u00e5 SEB, till TT.<\/p>\n<p>Elisabet Kopelman lyfter \u00e4ven att Warsh, efter att han l\u00e4mnat Fed, varit kritisk mot centralbanken. <\/p>\n<p>\u2013 Han har kritiserat Fed f\u00f6r att man v\u00e4ntade f\u00f6r l\u00e4nge med att reagera p\u00e5 den h\u00f6ga inflationen, men han har ocks\u00e5 tyckt att Fed blev lite f\u00f6r politiska.<\/p>\n<p>V\u00e4cker reaktioner<\/p>\n<p>Feds nuvarande chef Jerome Powell \u00e4r under h\u00e5rd press fr\u00e5n president Trump, som vill se fler och st\u00f6rre s\u00e4nkningar av styrr\u00e4ntan. <\/p>\n<p>Det har \u00e4ven inletts en brottsutredning mot Powell, vilket enligt honom grundar sig i Trumps missn\u00f6je. Det \u00e4r ett \u00e5talshot som har f\u00e5tt en rad centralbanksprofiler att varna f\u00f6r att Feds oberoende kan skadas l\u00e5ngsiktigt.<\/p>\n<p>Enligt nyhetsbyr\u00e5n Reuters s\u00e4ger den demokratiska senatorn Elizabeth Warren att Trumps val att nominera Warsh till rollen som ny centralbankschef \u00e4r presidentens senaste steg i att ta kontroll \u00f6ver institutionen.<\/p>\n<p>\u2013 Ingen republikan som p\u00e5st\u00e5r sig bry sig om Feds oberoende b\u00f6r g\u00e5 med p\u00e5 att g\u00e5 vidare med denna nominering f\u00f6rr\u00e4n Trump slutar med sin h\u00e4xjakt, s\u00e4ger hon i ett uttalande och syftar till hotet om \u00e5tal mot Powell. <\/p>\n<p>Samtidigt tror republikanska senatorn Bill Hagerty att Warsh skulle vara bra f\u00f6r just Fed:s oberoende:<\/p>\n<p>\u2013 Ingen \u00e4r b\u00e4ttre l\u00e4mpad att styra Fed och omfokusera v\u00e5r centralbank p\u00e5 dess lagstadgade k\u00e4rnuppdrag, skriver han i ett inl\u00e4gg p\u00e5 <a href=\"https:\/\/x.com\/SenatorHagerty\/status\/2017214611884249537\" rel=\"nofollow\">sociala medier<\/a>.<\/p>\n","protected":false},"excerpt":{"rendered":"Kevin Warsh v\u00e4ntas eftertr\u00e4da Jerome Powell, vars mandatperiod l\u00f6per ut i maj, f\u00f6rutsatt att senaten ger honom sitt&hellip;\n","protected":false},"author":2,"featured_media":151421,"comment_status":"","ping_status":"","sticky":false,"template":"","format":"standard","meta":{"footnotes":""},"categories":[5],"tags":[22,23,26,27,17,21,24,25,28,29,15,16,18,34,31,33,32,30,19,20],"class_list":{"0":"post-151420","1":"post","2":"type-post","3":"status-publish","4":"format-standard","5":"has-post-thumbnail","7":"category-rubriker","8":"tag-breaking-news","9":"tag-breakingnews","10":"tag-featured-news","11":"tag-featurednews","12":"tag-headlines","13":"tag-huvudnyheter","14":"tag-latest-news","15":"tag-latestnews","16":"tag-main-news","17":"tag-mainnews","18":"tag-news","19":"tag-nyheter","20":"tag-rubriker","21":"tag-se","22":"tag-svenska","23":"tag-sverige","24":"tag-sweden","25":"tag-swedish","26":"tag-top-stories","27":"tag-topstories"},"share_on_mastodon":{"url":"https:\/\/pubeurope.com\/@se\/115984827847533743","error":""},"_links":{"self":[{"href":"https:\/\/www.europesays.com\/se\/wp-json\/wp\/v2\/posts\/151420","targetHints":{"allow":["GET"]}}],"collection":[{"href":"https:\/\/www.europesays.com\/se\/wp-json\/wp\/v2\/posts"}],"about":[{"href":"https:\/\/www.europesays.com\/se\/wp-json\/wp\/v2\/types\/post"}],"author":[{"embeddable":true,"href":"https:\/\/www.europesays.com\/se\/wp-json\/wp\/v2\/users\/2"}],"replies":[{"embeddable":true,"href":"https:\/\/www.europesays.com\/se\/wp-json\/wp\/v2\/comments?post=151420"}],"version-history":[{"count":0,"href":"https:\/\/www.europesays.com\/se\/wp-json\/wp\/v2\/posts\/151420\/revisions"}],"wp:featuredmedia":[{"embeddable":true,"href":"https:\/\/www.europesays.com\/se\/wp-json\/wp\/v2\/media\/151421"}],"wp:attachment":[{"href":"https:\/\/www.europesays.com\/se\/wp-json\/wp\/v2\/media?parent=151420"}],"wp:term":[{"taxonomy":"category","embeddable":true,"href":"https:\/\/www.europesays.com\/se\/wp-json\/wp\/v2\/categories?post=151420"},{"taxonomy":"post_tag","embeddable":true,"href":"https:\/\/www.europesays.com\/se\/wp-json\/wp\/v2\/tags?post=151420"}],"curies":[{"name":"wp","href":"https:\/\/api.w.org\/{rel}","templated":true}]}}