{"id":151426,"date":"2026-01-30T15:53:11","date_gmt":"2026-01-30T15:53:11","guid":{"rendered":"https:\/\/www.europesays.com\/se\/151426\/"},"modified":"2026-01-30T15:53:11","modified_gmt":"2026-01-30T15:53:11","slug":"dn-direkt-23-aring-haktad-misstankt-for-terrorbrott","status":"publish","type":"post","link":"https:\/\/www.europesays.com\/se\/151426\/","title":{"rendered":"DN Direkt \u2013 23-\u00e5ring h\u00e4ktad misst\u00e4nkt f\u00f6r terrorbrott"},"content":{"rendered":"<p>\u00c4n kan den gamle m\u00e4staren Novak Djokovic.<\/p>\n<p>Den tiofaldige Australian Open-m\u00e4staren \u00e4r klar f\u00f6r sin elfte final i Melbourne efter en nattmangling mot v\u00e4rldstv\u00e5an Jannik Sinner.<\/p>\n<p>N\u00e4r den fem set l\u00e5nga semifinalen var \u00f6ver vid 01.30-tiden satt Djokovic kvar ett tag p\u00e5 sin b\u00e4nk. Han pustade ut och riktade sedan ett s\u00e4rskilt tack till en person i publiken.<\/p>\n<p>\u2013 Margaret Court, tack f\u00f6r att du var h\u00e4r i kv\u00e4ll.<\/p>\n<p>I nul\u00e4get delar Djokovic och australiskan Court, 83, rekordet vad g\u00e4ller antalet grand slam-titlar i karri\u00e4ren. Vinner den 38-\u00e5rige serben s\u00f6ndagens final mot v\u00e4rldsettan Carlos Alcaraz, Spanien, blir han ensam om att ha vunnit 25 grand slam-turneringar.<\/p>\n<p>Segersiffrorna mot Sinner, som vunnit i Melbourne de tv\u00e5 senaste \u00e5ren, skrevs till 3\u20136, 6\u20133, 4\u20136, 6\u20134, 6\u20134.<\/p>\n","protected":false},"excerpt":{"rendered":"\u00c4n kan den gamle m\u00e4staren Novak Djokovic. Den tiofaldige Australian Open-m\u00e4staren \u00e4r klar f\u00f6r sin elfte final i&hellip;\n","protected":false},"author":2,"featured_media":151427,"comment_status":"","ping_status":"","sticky":false,"template":"","format":"standard","meta":{"footnotes":""},"categories":[5],"tags":[22,23,26,27,17,21,24,25,28,29,15,16,18,34,31,33,32,30,19,20],"class_list":{"0":"post-151426","1":"post","2":"type-post","3":"status-publish","4":"format-standard","5":"has-post-thumbnail","7":"category-rubriker","8":"tag-breaking-news","9":"tag-breakingnews","10":"tag-featured-news","11":"tag-featurednews","12":"tag-headlines","13":"tag-huvudnyheter","14":"tag-latest-news","15":"tag-latestnews","16":"tag-main-news","17":"tag-mainnews","18":"tag-news","19":"tag-nyheter","20":"tag-rubriker","21":"tag-se","22":"tag-svenska","23":"tag-sverige","24":"tag-sweden","25":"tag-swedish","26":"tag-top-stories","27":"tag-topstories"},"share_on_mastodon":{"url":"https:\/\/pubeurope.com\/@se\/115984859285254594","error":""},"_links":{"self":[{"href":"https:\/\/www.europesays.com\/se\/wp-json\/wp\/v2\/posts\/151426","targetHints":{"allow":["GET"]}}],"collection":[{"href":"https:\/\/www.europesays.com\/se\/wp-json\/wp\/v2\/posts"}],"about":[{"href":"https:\/\/www.europesays.com\/se\/wp-json\/wp\/v2\/types\/post"}],"author":[{"embeddable":true,"href":"https:\/\/www.europesays.com\/se\/wp-json\/wp\/v2\/users\/2"}],"replies":[{"embeddable":true,"href":"https:\/\/www.europesays.com\/se\/wp-json\/wp\/v2\/comments?post=151426"}],"version-history":[{"count":0,"href":"https:\/\/www.europesays.com\/se\/wp-json\/wp\/v2\/posts\/151426\/revisions"}],"wp:featuredmedia":[{"embeddable":true,"href":"https:\/\/www.europesays.com\/se\/wp-json\/wp\/v2\/media\/151427"}],"wp:attachment":[{"href":"https:\/\/www.europesays.com\/se\/wp-json\/wp\/v2\/media?parent=151426"}],"wp:term":[{"taxonomy":"category","embeddable":true,"href":"https:\/\/www.europesays.com\/se\/wp-json\/wp\/v2\/categories?post=151426"},{"taxonomy":"post_tag","embeddable":true,"href":"https:\/\/www.europesays.com\/se\/wp-json\/wp\/v2\/tags?post=151426"}],"curies":[{"name":"wp","href":"https:\/\/api.w.org\/{rel}","templated":true}]}}