{"id":151451,"date":"2026-01-30T16:24:19","date_gmt":"2026-01-30T16:24:19","guid":{"rendered":"https:\/\/www.europesays.com\/se\/151451\/"},"modified":"2026-01-30T16:24:19","modified_gmt":"2026-01-30T16:24:19","slug":"hambergsstugan-i-bjursas-nedbrunnen-alvar-myhlback-forfarad","status":"publish","type":"post","link":"https:\/\/www.europesays.com\/se\/151451\/","title":{"rendered":"Hambergsstugan i Bjurs\u00e5s nedbrunnen \u2022 Alvar Myhlback f\u00f6rf\u00e4rad"},"content":{"rendered":"<p>Publicerad 29 jan 2026 kl 16.48Uppdaterad kl 18.24<\/p>\n<p>Det \u00e4r bara en skorsten kvar av Hambergsstugan i Bjurs\u00e5s.\u00a0<\/p>\n<p>En plats Alvar Myhlback tillbringat mycket tid vid.\u00a0<\/p>\n<p>\u2013 Det \u00e4r tr\u00e5kigt, s\u00e4ger skidtalangen. \u00a0<\/p>\n<p>Senaste sportklippen fr\u00e5n Expressen.<img   alt=\"\"\/><\/p>\n<p>Alvar Myhlback.<\/p>\n<p>Foto: MAXIM THORE \/ BILDBYR\u00c5N<\/p>\n<p>\u00d6ppna bild i helsk\u00e4rm<img loading=\"lazy\"   alt=\"\"\/><\/p>\n<p>Det \u00e4r bara en skorsten kvar av Hambergsstugan i Bjurs\u00e5s.<\/p>\n<p>Foto: L\u00c4SARBILD<\/p>\n<p>\u00d6ppna bild i helsk\u00e4rm<img loading=\"lazy\"   alt=\"\"\/> <\/p>\n<p>Foto: MAXIM THORE \/ BILDBYR\u00c5N<\/p>\n<p>\u00d6ppna bild i helsk\u00e4rm<\/p>\n<p>Det var i helgen som Falu-Kuriren rapporterade att Hambergsstugan i Bjurs\u00e5s hade <a href=\"https:\/\/www.falukuriren.se\/2026-01-24\/hambergsstugan-i-bjursas-har-brunnit-ner\/\" rel=\"nofollow noopener\" target=\"_blank\">brunnit ner till grunden.\u00a0<\/a><\/p>\n<p>Enligt tidningen hade en motion\u00e4r uppt\u00e4ckt det hela n\u00e4r han befann sig p\u00e5 en skidtur och en anm\u00e4lan om skadeg\u00f6relse genom brand uppr\u00e4ttades \u2013 som sedan lades ner.\u00a0<\/p>\n<p>Allt borta i branden<\/p>\n<p>Stugan fungerar som raststuga och tillh\u00f6r skidklubben Bjurs\u00e5s IK. Numera st\u00e5r bara en skorsten kvar i rasmassorna.\u00a0<\/p>\n<p>Skidtalangen <a href=\"https:\/\/www.expressen.se\/tagg\/person\/alvar-myhlback\/\" class=\"\" rel=\"nofollow noopener\" target=\"_blank\">Alvar Myhlback<\/a>, som t\u00e4vlar f\u00f6r klubben och kommer fr\u00e5n orten, tog del av nyheten i helgen.\u00a0<\/p>\n<p>\u2013 Det har jag sett. Det \u00e4r s\u00e5 klart tr\u00e5kigt, s\u00e4ger han.\u00a0<\/p>\n<p>Stugan ligger kring skidomr\u00e5det vid D\u00f6ssberget och d\u00e4r har Myhlback tillbringat mycket tid.\u00a0<\/p>\n<p>\u2013 Den ligger l\u00e4ngs med elljussp\u00e5ret s\u00e5 man har ju snurrat runt den n\u00e5gra varv genom \u00e5ren. Det \u00e4r en legendarisk plats i Bjurs\u00e5s. Tr\u00e5kigt, s\u00e4ger han.<\/p>\n<p>OS-laddar med l\u00e5nglopp<\/p>\n<p>Myhlback sj\u00e4lv befinner sig l\u00e5ngt ifr\u00e5n Bjurs\u00e5s. Han laddar just nu upp inf\u00f6r OS med l\u00e5nglopp med sitt lag Lager 157.\u00a0<\/p>\n<p>F\u00f6rra helgen slutade han trea i Marcialonga och i helgen v\u00e4ntar n\u00e4sta storlopp, Jizerska i Tjeckien. Efter det OS och sedan Vasaloppet.\u00a0<\/p>\n<p>\u2013 Det \u00e4r kul. Jag njuter av det. De st\u00f6rsta grejerna den h\u00e4r vintern kommer p\u00e5 rad. Nu svarar kroppen bra och d\u00e5 ser man fram emot det, s\u00e4ger Myhlback.\u00a0<\/p>\n<p>\u201dHoppas kunna ta hem segern\u201d\u00a0<\/p>\n<p>Helgen i Tjeckien inleds med en sprint p\u00e5 fredagen, som svensken vunnit tv\u00e5 g\u00e5nger p\u00e5 rad.\u00a0<\/p>\n<p>\u2013 Det ska bli sp\u00e4nnande med sprinten. Det \u00e4r h\u00e5rd konkurrens och jag kommer verkligen f\u00e5 fajtas, men jag ser chanserna som goda, s\u00e4ger han.\u00a0<\/p>\n<p>P\u00e5 s\u00f6ndagen \u00e4r det sedan dags f\u00f6r storloppet Jizerska50, som \u00e4r ett av fyra Grand Classic-lopp. D\u00e4r slutade Myhlback i fjol p\u00e5 en 28:e plats, n\u00e4stan fem minuter efter t\u00e4ten.\u00a0<\/p>\n<p>\u2013 Jag har inte lyckats d\u00e4r \u00e4n, s\u00e5 det \u00e4r p\u00e5 tiden nu. Det \u00e4r ett lopp som borde passa mig v\u00e4ldigt bra, s\u00e5 jag hoppas kunna ta hem segern p\u00e5 s\u00f6ndagen.\u00a0<\/p>\n","protected":false},"excerpt":{"rendered":"Publicerad 29 jan 2026 kl 16.48Uppdaterad kl 18.24 Det \u00e4r bara en skorsten kvar av Hambergsstugan i Bjurs\u00e5s.\u00a0&hellip;\n","protected":false},"author":2,"featured_media":151452,"comment_status":"","ping_status":"","sticky":false,"template":"","format":"standard","meta":{"footnotes":""},"categories":[12],"tags":[22,23,26,27,17,21,24,25,28,29,15,16,14476,8766,18,34,857,31,33,32,30,19,20],"class_list":{"0":"post-151451","1":"post","2":"type-post","3":"status-publish","4":"format-standard","5":"has-post-thumbnail","7":"category-sverige","8":"tag-breaking-news","9":"tag-breakingnews","10":"tag-featured-news","11":"tag-featurednews","12":"tag-headlines","13":"tag-huvudnyheter","14":"tag-latest-news","15":"tag-latestnews","16":"tag-main-news","17":"tag-mainnews","18":"tag-news","19":"tag-nyheter","20":"tag-organization-ski-classics","21":"tag-person-alvar-myhlback","22":"tag-rubriker","23":"tag-se","24":"tag-sections-langdskidor","25":"tag-svenska","26":"tag-sverige","27":"tag-sweden","28":"tag-swedish","29":"tag-top-stories","30":"tag-topstories"},"share_on_mastodon":{"url":"https:\/\/pubeurope.com\/@se\/115984981313681113","error":""},"_links":{"self":[{"href":"https:\/\/www.europesays.com\/se\/wp-json\/wp\/v2\/posts\/151451","targetHints":{"allow":["GET"]}}],"collection":[{"href":"https:\/\/www.europesays.com\/se\/wp-json\/wp\/v2\/posts"}],"about":[{"href":"https:\/\/www.europesays.com\/se\/wp-json\/wp\/v2\/types\/post"}],"author":[{"embeddable":true,"href":"https:\/\/www.europesays.com\/se\/wp-json\/wp\/v2\/users\/2"}],"replies":[{"embeddable":true,"href":"https:\/\/www.europesays.com\/se\/wp-json\/wp\/v2\/comments?post=151451"}],"version-history":[{"count":0,"href":"https:\/\/www.europesays.com\/se\/wp-json\/wp\/v2\/posts\/151451\/revisions"}],"wp:featuredmedia":[{"embeddable":true,"href":"https:\/\/www.europesays.com\/se\/wp-json\/wp\/v2\/media\/151452"}],"wp:attachment":[{"href":"https:\/\/www.europesays.com\/se\/wp-json\/wp\/v2\/media?parent=151451"}],"wp:term":[{"taxonomy":"category","embeddable":true,"href":"https:\/\/www.europesays.com\/se\/wp-json\/wp\/v2\/categories?post=151451"},{"taxonomy":"post_tag","embeddable":true,"href":"https:\/\/www.europesays.com\/se\/wp-json\/wp\/v2\/tags?post=151451"}],"curies":[{"name":"wp","href":"https:\/\/api.w.org\/{rel}","templated":true}]}}