{"id":151457,"date":"2026-01-30T16:31:08","date_gmt":"2026-01-30T16:31:08","guid":{"rendered":"https:\/\/www.europesays.com\/se\/151457\/"},"modified":"2026-01-30T16:31:08","modified_gmt":"2026-01-30T16:31:08","slug":"kan-kina-fa-kubakrisen-att-ateruppsta","status":"publish","type":"post","link":"https:\/\/www.europesays.com\/se\/151457\/","title":{"rendered":"Kan Kina f\u00e5 Kubakrisen att \u00e5teruppst\u00e5?"},"content":{"rendered":"<p>Detta \u00e4r en kommenterande text. Skribenten svarar f\u00f6r analys och st\u00e4llningstaganden i texten.<\/p>\n<p><strong>Vad kan det f\u00e5 f\u00f6r konsekvenser?<\/strong><\/p>\n<p>\u2013 Under kalla kriget var Kuba en nagel i \u00f6gat p\u00e5 USA. Enpartistatens n\u00e4ra band till Sovjetunionen uppfattades som ett direkt s\u00e4kerhetshot, vilket kulminerade i Kubakrisen. Aldrig har v\u00e4rlden varit s\u00e5 n\u00e4ra ett k\u00e4rnvapenkrig. N\u00e4r Sovjetunionen f\u00f6ll f\u00f6rsvann ocks\u00e5 hotet. Nu, n\u00e4r Kuba st\u00e5r p\u00e5 randen till kollaps och Kina \u00f6ppet signalerar st\u00f6d till regimen, kan en ny Kubakris \u00e5teruppst\u00e5. Det \u00e4r inte osannolikt att Trump svarar med h\u00f6ga tullar mot kinesiska varor om Peking b\u00f6rjar f\u00f6rse Havanna med olja, vilket i sin tur kan f\u00e5 konsekvenser f\u00f6r USA.<\/p>\n<p><strong>Varf\u00f6r r\u00e5der det akut brist p\u00e5 olja p\u00e5 Kuba?<\/strong><\/p>\n<p>\u2013 F\u00f6re gripandet av Venezuelas regimledare Nicol\u00e1s Maduro i Caracas f\u00f6r omkring en m\u00e5nad sedan levererade Venezuela i genomsnitt 46\u00a0500 fat olja per dag till Kuba. Det r\u00e4ckte f\u00f6r att h\u00e5lla de mest grundl\u00e4ggande samh\u00e4llsfunktionerna ig\u00e5ng. I utbyte skickade Kuba bland annat livvakter, l\u00e4kare och l\u00e4rare. N\u00e4r USA nu tagit kontroll \u00f6ver Venezuelas oljef\u00f6rs\u00e4ljning har leveranserna upph\u00f6rt. Tidigare har Mexiko fungerat som r\u00e4ddare i n\u00f6den och s\u00e5lt omkring 17\u00a0200 fat olja per dag till Kuba. Men efter Trumps tullhot har \u00e4ven den exporten sinat. Mexikos president Claudia Sheinbaum har f\u00f6rs\u00e4krat att det humanit\u00e4ra bist\u00e5ndet i form av olja ska \u00e5terupptas, men fr\u00e5gan \u00e4r om hon v\u00e5gar st\u00e5 fast vid l\u00f6ftet n\u00e4r trycket fr\u00e5n Washington \u00f6kar.<\/p>\n<p>          <img decoding=\"async\" class=\"picture__img\" src=\"https:\/\/www.europesays.com\/se\/wp-content\/uploads\/2026\/01\/13d317e4-c760-409a-9e09-534024573824.jpeg\"   alt=\"En man i Havanna trotsar regimen genom att b\u00e4ra en USA-tr\u00f6ja.\"\/><\/p>\n<p>      En man i Havanna trotsar regimen genom att b\u00e4ra en USA-tr\u00f6ja.<\/p>\n<p>      Foto: Yamil Lage\/AFP<\/p>\n<p><strong>Kan den kubanska regimen falla?<\/strong><\/p>\n<p>\u2013 F\u00e5 diktaturer \u00e4r s\u00e5 konsoliderade som den kubanska enpartistaten. Det skulle inte r\u00e4cka att gripa och flyga ut president Miguel D\u00edaz-Canel. Maktapparaten har byggts upp under n\u00e4stan 70 \u00e5r och \u00e4r konstruerad f\u00f6r att \u00f6verleva individuella ledare. Det finns gott om generaler och partitoppar redo att ta \u00f6ver. Samtidigt \u00e4r det oklart om befolkningen har kraft att genomf\u00f6ra \u00e4nnu en revolution. De flesta som haft m\u00f6jlighet att agera har redan l\u00e4mnat landet. Under det senaste \u00e5ret har omkring en tiondel av befolkningen emigrerat. De som \u00e4r kvar \u00e4r antingen f\u00f6r r\u00e4dda, f\u00f6r utmattade eller f\u00f6r lojala. Trots det h\u00e4vdar Trump att \u201dregimen snart kommer att falla\u201d.<\/p>\n","protected":false},"excerpt":{"rendered":"Detta \u00e4r en kommenterande text. Skribenten svarar f\u00f6r analys och st\u00e4llningstaganden i texten. Vad kan det f\u00e5 f\u00f6r&hellip;\n","protected":false},"author":2,"featured_media":151458,"comment_status":"","ping_status":"","sticky":false,"template":"","format":"standard","meta":{"footnotes":""},"categories":[14],"tags":[22,23,26,27,17,21,24,25,28,29,15,16,18,34,31,33,32,30,19,20,51,52,53,54],"class_list":{"0":"post-151457","1":"post","2":"type-post","3":"status-publish","4":"format-standard","5":"has-post-thumbnail","7":"category-varlden","8":"tag-breaking-news","9":"tag-breakingnews","10":"tag-featured-news","11":"tag-featurednews","12":"tag-headlines","13":"tag-huvudnyheter","14":"tag-latest-news","15":"tag-latestnews","16":"tag-main-news","17":"tag-mainnews","18":"tag-news","19":"tag-nyheter","20":"tag-rubriker","21":"tag-se","22":"tag-svenska","23":"tag-sverige","24":"tag-sweden","25":"tag-swedish","26":"tag-top-stories","27":"tag-topstories","28":"tag-varlden","29":"tag-world","30":"tag-world-news","31":"tag-worldnews"},"share_on_mastodon":{"url":"https:\/\/pubeurope.com\/@se\/115985008804081141","error":""},"_links":{"self":[{"href":"https:\/\/www.europesays.com\/se\/wp-json\/wp\/v2\/posts\/151457","targetHints":{"allow":["GET"]}}],"collection":[{"href":"https:\/\/www.europesays.com\/se\/wp-json\/wp\/v2\/posts"}],"about":[{"href":"https:\/\/www.europesays.com\/se\/wp-json\/wp\/v2\/types\/post"}],"author":[{"embeddable":true,"href":"https:\/\/www.europesays.com\/se\/wp-json\/wp\/v2\/users\/2"}],"replies":[{"embeddable":true,"href":"https:\/\/www.europesays.com\/se\/wp-json\/wp\/v2\/comments?post=151457"}],"version-history":[{"count":0,"href":"https:\/\/www.europesays.com\/se\/wp-json\/wp\/v2\/posts\/151457\/revisions"}],"wp:featuredmedia":[{"embeddable":true,"href":"https:\/\/www.europesays.com\/se\/wp-json\/wp\/v2\/media\/151458"}],"wp:attachment":[{"href":"https:\/\/www.europesays.com\/se\/wp-json\/wp\/v2\/media?parent=151457"}],"wp:term":[{"taxonomy":"category","embeddable":true,"href":"https:\/\/www.europesays.com\/se\/wp-json\/wp\/v2\/categories?post=151457"},{"taxonomy":"post_tag","embeddable":true,"href":"https:\/\/www.europesays.com\/se\/wp-json\/wp\/v2\/tags?post=151457"}],"curies":[{"name":"wp","href":"https:\/\/api.w.org\/{rel}","templated":true}]}}