{"id":151459,"date":"2026-01-30T16:32:13","date_gmt":"2026-01-30T16:32:13","guid":{"rendered":"https:\/\/www.europesays.com\/se\/151459\/"},"modified":"2026-01-30T16:32:13","modified_gmt":"2026-01-30T16:32:13","slug":"marcus-asling-slutar-som-politisk-redaktor-ostersunds-posten","status":"publish","type":"post","link":"https:\/\/www.europesays.com\/se\/151459\/","title":{"rendered":"Marcus \u00c5sling slutar som politisk redakt\u00f6r \u2013 \u00d6stersunds-Posten"},"content":{"rendered":"<p>Marcus \u00c5sling, politisk redakt\u00f6r p\u00e5 \u00d6stersunds-Posten, har sagt upp sig och kommer att l\u00e4mna tidningen.\u00a0<br \/>\u2013 Jag har arbetat tolv \u00e5r p\u00e5 \u00d6P nu och bevakat tre riksdagsval s\u00e5 jag k\u00e4nner att det \u00e4r dags att hitta p\u00e5 n\u00e5got nytt, s\u00e4ger Marcus \u00c5sling.<\/p>\n<p><img loading=\"lazy\" decoding=\"async\" width=\"980\" height=\"551\" class=\"article-image article-image--featured\" alt=\"Marcus \u00c5sling, politisk redakt\u00f6r p\u00e5 \u00d6stersunds-Posten, l\u00e4mnar sin tj\u00e4nst. \" src=\"https:\/\/www.europesays.com\/se\/wp-content\/uploads\/2026\/01\/9144090c-0d1e-49ab-a7d6-e0c1da032746.jpeg\"  \/><a class=\"article__lightbox-link\" href=\"https:\/\/static.bonniernews.se\/ba\/9144090c-0d1e-49ab-a7d6-e0c1da032746.jpeg?crop=2500%2C1407%2Cx0%2Cy0&amp;width=1400&amp;format=pjpg&amp;auto=avif\" data-pswp-width=\"1400\" data-pswp-height=\"788\" data-pswp-caption=\"Marcus \u00c5sling, politisk redakt\u00f6r p\u00e5 \u00d6stersunds-Posten, l\u00e4mnar sin tj\u00e4nst.  Bild: Olof Sj\u00f6din, Anna-Karin Pernevill\" data-pswp- rel=\"nofollow noopener\" target=\"_blank\">\u00d6ppna bild i helsk\u00e4rmsl\u00e4ge<\/a><\/p>\n<p class=\"txt-style-muted\" aria-hidden=\"true\">Marcus \u00c5sling, politisk redakt\u00f6r p\u00e5 \u00d6stersunds-Posten, l\u00e4mnar sin tj\u00e4nst. <\/p>\n<p class=\"article__figcaption-attribution txt-style-muted\">Bild: Olof Sj\u00f6din, Anna-Karin Pernevill<\/p>\n<p>I slutet av april l\u00e4mnar han \u00d6stersunds-Posten och kommer d\u00e5 att g\u00e5 vidare till en ny tj\u00e4nst p\u00e5 Svenskt n\u00e4ringsliv.<\/p>\n<p><strong>Hur skulle du beskriva dina \u00e5r som politisk redakt\u00f6r?<\/strong><\/p>\n<p><strong>\u2013 <\/strong>Mina \u00e5r p\u00e5 \u00d6P har varit v\u00e4ldigt givande, som ledarskribent f\u00e5r man delta i den lokala politiska debatten och s\u00e4tta ett avtryck i den, s\u00e4ger Marcus \u00c5sling.<\/p>\n<p aria-disabled=\"true\" class=\"ad__preamble ad-text txt-style-muted txt-ui txt-ui--strong txt-ui-2\">Annons<\/p>\n<p><strong>Vilka fr\u00e5gor har varit mest kr\u00e4vande att hantera?<\/strong><\/p>\n<p>\u2013 Den regionala gruvdebatten har varit kr\u00e4vande p\u00e5 grund av det skr\u00e4ckfyllda tonl\u00e4get bland ledande politiska f\u00f6retr\u00e4dare och allm\u00e4nheten. Mest besviken \u00e4r jag efter den debatt om regionsammanslagning som var f\u00f6r n\u00e5gra \u00e5r sedan och d\u00e4r \u00d6P:s ledarsida var en av de ledande krafterna f\u00f6r att bevara region J\u00e4mtland H\u00e4rjedalen. Jag tycker inte att politikerna har f\u00f6rvaltat den lokala sj\u00e4lvst\u00e4ndigheten v\u00e4l n\u00e4r det g\u00e4ller regionens sjukv\u00e5rdsekonomi till exempel. Vi har \u00e4nnu inte lyckats bevisa att J\u00e4mtlands l\u00e4n klarar sig b\u00e4st sj\u00e4lv och med det finns ocks\u00e5 faran med ett stornorrland kvar.\u00a0<\/p>\n<p aria-disabled=\"true\" class=\"ad__preamble ad-text txt-style-muted txt-ui txt-ui--strong txt-ui-2\">Annons<\/p>\n<p><strong>Vad i jobbet har varit roligast?<\/strong><\/p>\n<p>\u2013 Dialogen med l\u00e4sarna \u00e4r absolut roligast. B\u00e5de positiva och negativa kommentarer. Under \u00e5ren har en speciell relation byggts upp, s\u00e4ger Marcus \u00c5sling.\u00a0<\/p>\n<p>\u2013 Marcus har gjort ett otroligt bra jobb genom att skapa och delta i den lokala debatten p\u00e5 det s\u00e4tt en politisk redakt\u00f6r f\u00f6rv\u00e4ntas g\u00f6ra. Det \u00e4r en kr\u00e4vande roll som han under \u00e5ren ocks\u00e5 sett till att modernisera och utveckla i samklang med digitaliseringen av samh\u00e4llet, s\u00e4ger Kristina Forsstr\u00f6m, chefredakt\u00f6r p\u00e5 \u00d6stersunds-Posten.\u00a0<\/p>\n<p>En politisk redakt\u00f6r har i uppdrag att driva den lokala opinionsjournalistiken med fokus p\u00e5 l\u00e4net, bland annat genom att sj\u00e4lv skriva ledartexter och ansvara f\u00f6r frilansande skribenter och deras texter.\u00a0\u00a0<\/p>\n<p>\u2013 En annan del av arbetet \u00e4r det som inte syns i form av artiklar. Det handlar om att ha kontakt med v\u00e5ra l\u00e4sare, med politiker lokalt och nationellt, delta i debatter i andra medier och publikt och vara en kraft f\u00f6r utvecklingen av J\u00e4mtlands l\u00e4n, s\u00e4ger Kristina Forsstr\u00f6m.<\/p>\n<p aria-disabled=\"true\" class=\"ad__preamble ad-text txt-style-muted txt-ui txt-ui--strong txt-ui-2\">Annons<\/p>\n<p>En rekryteringsprocess inleds nu f\u00f6r att hitta \u00c5slings eftertr\u00e4dare.\u00a0<\/p>\n<p>\u2013 Eftersom tidningsbranschen \u00e4r i en st\u00e4ndig utveckling \u00e4r f\u00f6rv\u00e4ntningarna p\u00e5 rollen inte vad de var f\u00f6r 20 \u00e5r sedan. Numera v\u00e4ntas en politisk redakt\u00f6r snabbt efter ett beslut eller en h\u00e4ndelse kunna summera sina \u00e5sikter i ett kort filmklipp till sajt och sociala medier men ocks\u00e5 ha f\u00f6rm\u00e5gan att skriva djupare, l\u00e4ngre och mer analytiska texter. Exakt hur rollen kommer att se ut om n\u00e5gra \u00e5r f\u00e5r en framtida redakt\u00f6r vara med och forma, s\u00e4ger Kristina Forsstr\u00f6m.<\/p>\n","protected":false},"excerpt":{"rendered":"Marcus \u00c5sling, politisk redakt\u00f6r p\u00e5 \u00d6stersunds-Posten, har sagt upp sig och kommer att l\u00e4mna tidningen.\u00a0\u2013 Jag har arbetat&hellip;\n","protected":false},"author":2,"featured_media":151460,"comment_status":"","ping_status":"","sticky":false,"template":"","format":"standard","meta":{"footnotes":""},"categories":[12],"tags":[22,23,26,27,17,21,24,25,28,29,15,16,18,34,31,33,32,30,19,20],"class_list":{"0":"post-151459","1":"post","2":"type-post","3":"status-publish","4":"format-standard","5":"has-post-thumbnail","7":"category-sverige","8":"tag-breaking-news","9":"tag-breakingnews","10":"tag-featured-news","11":"tag-featurednews","12":"tag-headlines","13":"tag-huvudnyheter","14":"tag-latest-news","15":"tag-latestnews","16":"tag-main-news","17":"tag-mainnews","18":"tag-news","19":"tag-nyheter","20":"tag-rubriker","21":"tag-se","22":"tag-svenska","23":"tag-sverige","24":"tag-sweden","25":"tag-swedish","26":"tag-top-stories","27":"tag-topstories"},"share_on_mastodon":{"url":"https:\/\/pubeurope.com\/@se\/115985012783134999","error":""},"_links":{"self":[{"href":"https:\/\/www.europesays.com\/se\/wp-json\/wp\/v2\/posts\/151459","targetHints":{"allow":["GET"]}}],"collection":[{"href":"https:\/\/www.europesays.com\/se\/wp-json\/wp\/v2\/posts"}],"about":[{"href":"https:\/\/www.europesays.com\/se\/wp-json\/wp\/v2\/types\/post"}],"author":[{"embeddable":true,"href":"https:\/\/www.europesays.com\/se\/wp-json\/wp\/v2\/users\/2"}],"replies":[{"embeddable":true,"href":"https:\/\/www.europesays.com\/se\/wp-json\/wp\/v2\/comments?post=151459"}],"version-history":[{"count":0,"href":"https:\/\/www.europesays.com\/se\/wp-json\/wp\/v2\/posts\/151459\/revisions"}],"wp:featuredmedia":[{"embeddable":true,"href":"https:\/\/www.europesays.com\/se\/wp-json\/wp\/v2\/media\/151460"}],"wp:attachment":[{"href":"https:\/\/www.europesays.com\/se\/wp-json\/wp\/v2\/media?parent=151459"}],"wp:term":[{"taxonomy":"category","embeddable":true,"href":"https:\/\/www.europesays.com\/se\/wp-json\/wp\/v2\/categories?post=151459"},{"taxonomy":"post_tag","embeddable":true,"href":"https:\/\/www.europesays.com\/se\/wp-json\/wp\/v2\/tags?post=151459"}],"curies":[{"name":"wp","href":"https:\/\/api.w.org\/{rel}","templated":true}]}}