{"id":151467,"date":"2026-01-30T16:39:08","date_gmt":"2026-01-30T16:39:08","guid":{"rendered":"https:\/\/www.europesays.com\/se\/151467\/"},"modified":"2026-01-30T16:39:08","modified_gmt":"2026-01-30T16:39:08","slug":"trump-om-pretti-kanske-upprorsman-vasterbottens-kuriren","status":"publish","type":"post","link":"https:\/\/www.europesays.com\/se\/151467\/","title":{"rendered":"Trump om Pretti: \u201dKanske upprorsman\u201d &#8211; V\u00e4sterbottens-Kuriren"},"content":{"rendered":"<ol>\n<li><a href=\"https:\/\/news.google.com\/rss\/articles\/CBMid0FVX3lxTE9wU2lIR2QyOW1YdVZYWjNndExHdnZOZklIWkVsam9DVkFnQ2tvZ1hHZzY0NFVCTUctdlBPSjFQc1ctREdRQnRaejVXdkhFeWVSODAyc3l0dVNhbktJTFRfWlQtUFNIZWItal91SFZoSVh4T1Mwek1J?oc=5\" target=\"_blank\" rel=\"nofollow noopener\">Trump om Pretti: \u201dKanske upprorsman\u201d<\/a>&nbsp;&nbsp;V\u00e4sterbottens-Kuriren<\/li>\n<li><a href=\"https:\/\/news.google.com\/rss\/articles\/CBMi2gFBVV95cUxNcWxXVzJBU3ZfOVVBQ1RVVmNkTUlla1hMeFdLWldldXZ0bF90eFBMdi05TnkwTFQwS0JHSW1xQkZXM2Y4YkliV0tYMVhObjBGYl9uZV9BRXRxbEJ0YU1wS2tkdFNmTzF4dDFwMHVidnU4TGpISUljQk54WEUyTDdzU19CU2xUbmlHWmh0cEd3M3ZPSWd5TVc4STNLb0Y0bWxQaV9tTWdDUm4yLThqWGRzY0REOGhIZk5hQWs3cjZ5TUd1Q2gyaldHREpxV00zZk5pcnBtZjMtY0JHdw?oc=5\" target=\"_blank\" rel=\"nofollow noopener\">\u201dVi \u00e4r inte tjuvar eller m\u00f6rdare\u201d<\/a>&nbsp;&nbsp;SvD<\/li>\n<li><a href=\"https:\/\/news.google.com\/rss\/articles\/CBMivgFBVV95cUxNZnM1OTVkYnh0LWlXNUxWR1ZDOFlVTTkzRzBVQUJYYzZvbDJ3VDJTTTB5UjdQOVZwWGxjOFZGajBRZE9XX2pzX0k3bWpSZTdYYWpScVBpZ0hfUmd4OXdzakU5R0NQWGtueDVpeWF5UmRQczIyWTlOSVJXWGp2VS1HcWtGYjJ4Qll2czJGMzktZzBneXo4MG93Q1I2ZWhsUkcxSTJkSzFrZUtIblhNMEU0NTlaWU9MREdjdWxHUXdn?oc=5\" target=\"_blank\" rel=\"nofollow noopener\">Filmen visar: Drabbade samman 11 dagar innan d\u00f6dsskjutningen<\/a>&nbsp;&nbsp;Aftonbladet<\/li>\n<li><a href=\"https:\/\/news.google.com\/rss\/articles\/CBMiiAFBVV95cUxQbm8xUndWMzU1d2M2aUlucnd5SDFCajFsQ2JQb1JlQVFxSWlnSV9wY09MMUx0REZEY21nV0hjckZqRy0yc0VSSlBMX0xmSFlWeTFuRTBWM0VNR2hxdTUtc2p2Tmo2VmxCUmZOdXZCUXpKLTJkLW9fc2l3Z2xjNTVtR1p1ZHoxWmIt?oc=5\" target=\"_blank\" rel=\"nofollow noopener\">Nya ICE-chefen: \u201dInsett att f\u00f6rb\u00e4ttringar beh\u00f6vs\u201d<\/a>&nbsp;&nbsp;SVT Nyheter<\/li>\n<li><a href=\"https:\/\/news.google.com\/rss\/articles\/CBMiiAFBVV95cUxQVkNZZ3puZy1Cc3doOUNBaU9WSnB4SGVJSlh6aUhocUgyeDlPaTVoTXFFa3NBYmRHUUhzQ2xVdmNzM1QwUXlkN25Cb3lUU29ZTVIwS2hHa3lsQW5hcG42RHdwX2FkZGpCWkhSN0pQR01tcnZEaGstRlpSTERxMWxLRDFram5ZRTRL?oc=5\" target=\"_blank\" rel=\"nofollow noopener\">Trumps ilska efter klippet: Upprorsman<\/a>&nbsp;&nbsp;Expressen<\/li>\n<\/ol>\n","protected":false},"excerpt":{"rendered":"Trump om Pretti: \u201dKanske upprorsman\u201d&nbsp;&nbsp;V\u00e4sterbottens-Kuriren \u201dVi \u00e4r inte tjuvar eller m\u00f6rdare\u201d&nbsp;&nbsp;SvD Filmen visar: Drabbade samman 11 dagar innan&hellip;\n","protected":false},"author":2,"featured_media":151468,"comment_status":"","ping_status":"","sticky":false,"template":"","format":"standard","meta":{"footnotes":""},"categories":[14],"tags":[22,23,26,27,17,21,24,25,28,29,15,16,18,34,31,33,32,30,19,20,51,52,53,54],"class_list":{"0":"post-151467","1":"post","2":"type-post","3":"status-publish","4":"format-standard","5":"has-post-thumbnail","7":"category-varlden","8":"tag-breaking-news","9":"tag-breakingnews","10":"tag-featured-news","11":"tag-featurednews","12":"tag-headlines","13":"tag-huvudnyheter","14":"tag-latest-news","15":"tag-latestnews","16":"tag-main-news","17":"tag-mainnews","18":"tag-news","19":"tag-nyheter","20":"tag-rubriker","21":"tag-se","22":"tag-svenska","23":"tag-sverige","24":"tag-sweden","25":"tag-swedish","26":"tag-top-stories","27":"tag-topstories","28":"tag-varlden","29":"tag-world","30":"tag-world-news","31":"tag-worldnews"},"share_on_mastodon":{"url":"https:\/\/pubeurope.com\/@se\/115985040267662432","error":""},"_links":{"self":[{"href":"https:\/\/www.europesays.com\/se\/wp-json\/wp\/v2\/posts\/151467","targetHints":{"allow":["GET"]}}],"collection":[{"href":"https:\/\/www.europesays.com\/se\/wp-json\/wp\/v2\/posts"}],"about":[{"href":"https:\/\/www.europesays.com\/se\/wp-json\/wp\/v2\/types\/post"}],"author":[{"embeddable":true,"href":"https:\/\/www.europesays.com\/se\/wp-json\/wp\/v2\/users\/2"}],"replies":[{"embeddable":true,"href":"https:\/\/www.europesays.com\/se\/wp-json\/wp\/v2\/comments?post=151467"}],"version-history":[{"count":0,"href":"https:\/\/www.europesays.com\/se\/wp-json\/wp\/v2\/posts\/151467\/revisions"}],"wp:featuredmedia":[{"embeddable":true,"href":"https:\/\/www.europesays.com\/se\/wp-json\/wp\/v2\/media\/151468"}],"wp:attachment":[{"href":"https:\/\/www.europesays.com\/se\/wp-json\/wp\/v2\/media?parent=151467"}],"wp:term":[{"taxonomy":"category","embeddable":true,"href":"https:\/\/www.europesays.com\/se\/wp-json\/wp\/v2\/categories?post=151467"},{"taxonomy":"post_tag","embeddable":true,"href":"https:\/\/www.europesays.com\/se\/wp-json\/wp\/v2\/tags?post=151467"}],"curies":[{"name":"wp","href":"https:\/\/api.w.org\/{rel}","templated":true}]}}