{"id":151470,"date":"2026-01-30T16:41:11","date_gmt":"2026-01-30T16:41:11","guid":{"rendered":"https:\/\/www.europesays.com\/se\/151470\/"},"modified":"2026-01-30T16:41:11","modified_gmt":"2026-01-30T16:41:11","slug":"guterres-fn-riskerar-ekonomisk-kollaps","status":"publish","type":"post","link":"https:\/\/www.europesays.com\/se\/151470\/","title":{"rendered":"Guterres: FN riskerar ekonomisk kollaps"},"content":{"rendered":"<p>Anledningen \u00e4r bland annat att FN:s st\u00f6rsta bidragsgivare USA har skurit ned p\u00e5 sin finansiering och v\u00e4grat betala obligatoriska avgifter till FN:s ordinarie budget och fredsbevarande insatser, rapporterar Reuters.<\/p>\n<p>\u201dKrisen f\u00f6rdjupas, hotar programgenomf\u00f6randet och riskerar finansiell kollaps. Och situationen kommer att f\u00f6rs\u00e4mras ytterligare inom den n\u00e4rmsta framtiden\u201d, skriver Guterres i brevet, daterat den 28 januari.<\/p>\n<p>F\u00f6r att f\u00f6rhindra en \u201d\u00f6verh\u00e4ngande finansiell kollaps\u201d m\u00e5ste alla medlemsstater fullg\u00f6ra sina skyldigheter att betala i sin helhet och i tid \u2013 eller g\u00f6ra en grundl\u00e4ggande \u00f6versyn \u00f6ver de finansiella reglerna, skriver Guterres. <\/p>\n<p>Han specificerar inte vilka medlemsstater som \u00e5syftas.<\/p>\n","protected":false},"excerpt":{"rendered":"Anledningen \u00e4r bland annat att FN:s st\u00f6rsta bidragsgivare USA har skurit ned p\u00e5 sin finansiering och v\u00e4grat betala&hellip;\n","protected":false},"author":2,"featured_media":793,"comment_status":"","ping_status":"","sticky":false,"template":"","format":"standard","meta":{"footnotes":""},"categories":[5],"tags":[22,23,26,27,17,21,24,25,28,29,15,16,18,34,31,33,32,30,19,20],"class_list":{"0":"post-151470","1":"post","2":"type-post","3":"status-publish","4":"format-standard","5":"has-post-thumbnail","7":"category-rubriker","8":"tag-breaking-news","9":"tag-breakingnews","10":"tag-featured-news","11":"tag-featurednews","12":"tag-headlines","13":"tag-huvudnyheter","14":"tag-latest-news","15":"tag-latestnews","16":"tag-main-news","17":"tag-mainnews","18":"tag-news","19":"tag-nyheter","20":"tag-rubriker","21":"tag-se","22":"tag-svenska","23":"tag-sverige","24":"tag-sweden","25":"tag-swedish","26":"tag-top-stories","27":"tag-topstories"},"share_on_mastodon":{"url":"https:\/\/pubeurope.com\/@se\/115985048066654679","error":""},"_links":{"self":[{"href":"https:\/\/www.europesays.com\/se\/wp-json\/wp\/v2\/posts\/151470","targetHints":{"allow":["GET"]}}],"collection":[{"href":"https:\/\/www.europesays.com\/se\/wp-json\/wp\/v2\/posts"}],"about":[{"href":"https:\/\/www.europesays.com\/se\/wp-json\/wp\/v2\/types\/post"}],"author":[{"embeddable":true,"href":"https:\/\/www.europesays.com\/se\/wp-json\/wp\/v2\/users\/2"}],"replies":[{"embeddable":true,"href":"https:\/\/www.europesays.com\/se\/wp-json\/wp\/v2\/comments?post=151470"}],"version-history":[{"count":0,"href":"https:\/\/www.europesays.com\/se\/wp-json\/wp\/v2\/posts\/151470\/revisions"}],"wp:featuredmedia":[{"embeddable":true,"href":"https:\/\/www.europesays.com\/se\/wp-json\/wp\/v2\/media\/793"}],"wp:attachment":[{"href":"https:\/\/www.europesays.com\/se\/wp-json\/wp\/v2\/media?parent=151470"}],"wp:term":[{"taxonomy":"category","embeddable":true,"href":"https:\/\/www.europesays.com\/se\/wp-json\/wp\/v2\/categories?post=151470"},{"taxonomy":"post_tag","embeddable":true,"href":"https:\/\/www.europesays.com\/se\/wp-json\/wp\/v2\/tags?post=151470"}],"curies":[{"name":"wp","href":"https:\/\/api.w.org\/{rel}","templated":true}]}}