{"id":151475,"date":"2026-01-30T16:49:15","date_gmt":"2026-01-30T16:49:15","guid":{"rendered":"https:\/\/www.europesays.com\/se\/151475\/"},"modified":"2026-01-30T16:49:15","modified_gmt":"2026-01-30T16:49:15","slug":"varning-stor-risk-for-forfrysning-i-fjallen-vasterbottens-kuriren","status":"publish","type":"post","link":"https:\/\/www.europesays.com\/se\/151475\/","title":{"rendered":"Varning: Stor risk f\u00f6r f\u00f6rfrysning i fj\u00e4llen &#8211; V\u00e4sterbottens-Kuriren"},"content":{"rendered":"<ol>\n<li><a href=\"https:\/\/news.google.com\/rss\/articles\/CBMiekFVX3lxTE1qMXJuTC1wMXF0WWs2ZG1lalk2ck1yUkVtRjh0M2IyRXhXNGF4WnJqdHk1a3J4MkdsV2tXVmxNMVdybE1naEI3ME9KN1h6SG5WQVRVS3JJQ2p4cW9aYXNYUjRHbHdEcS04OXdJNHJTeDlJaTYtNUNsT21R?oc=5\" target=\"_blank\" rel=\"nofollow noopener\">Varning: Stor risk f\u00f6r f\u00f6rfrysning i fj\u00e4llen<\/a>&nbsp;&nbsp;V\u00e4sterbottens-Kuriren<\/li>\n<li><a href=\"https:\/\/news.google.com\/rss\/articles\/CBMikAFBVV95cUxQSVh3TW1rMDE1MDZnSm5HRjV0LWFRN2w2MWNBNVl1MXAwWkpBMks3dElPd1RwdVZQZDJ5b0xHYVNHWk82ZXIyUnBIVG5wT1RXVlJoOXNPcy1Qa3AwWVY4dXpBOG9Oa0Zrd2lpVnlDd0hhbEZZMmp3SWVqZU1Nc0ZqeU1yTE1nTFJQdnEyRXQ1Qjk?oc=5\" target=\"_blank\" rel=\"nofollow noopener\">\u201dM\u00e4ktiga finska h\u00f6gtrycket\u201d ger kallt v\u00e4der och gula varningar i helgen<\/a>&nbsp;&nbsp;Aftonbladet<\/li>\n<li><a href=\"https:\/\/news.google.com\/rss\/articles\/CBMie0FVX3lxTE1VMzFoekhkb0VaQkt0YllERDZOVEJyc0xHOXRYWUt1aXpFMlRwMmVHTDZDQTJ2dlFTN2I4ZTdZb1JHcThJTl9lYlliQWt0a1pPYkhscFFOdHphcklXYTNCRFhrNklrczhVbFlEQm80YlFobFRDemdib3diOA?oc=5\" target=\"_blank\" rel=\"nofollow noopener\">Kylan h\u00e5ller i sig \u2013 varning f\u00f6r \u201dstark kyleffekt\u201d<\/a>&nbsp;&nbsp;SVT Nyheter<\/li>\n<li><a href=\"https:\/\/news.google.com\/rss\/articles\/CBMimwFBVV95cUxQOGllUjF1SEIzd29PcW5GVG04V2g4SUk1TVR1N1hNOXBhSGxBZGxRRWFBUUtiRWFZWXVfLWEyWjYtWFpjcUlOVWo3UmVrc0VlRHJLR1Q3MFRlOEIwdEFhZFZRUGlSYlR1MVlvWEllalM4OUxXZ0JnbjBVNGpMOUF4QnVKc3dUbF9raW9WRW90VU12S2R3TWphN2RtZw?oc=5\" target=\"_blank\" rel=\"nofollow noopener\">SMHI varnar f\u00f6r rej\u00e4l kyla \u2013 stor risk f\u00f6r f\u00f6rfrysning<\/a>&nbsp;&nbsp;norran.se<\/li>\n<li><a href=\"https:\/\/news.google.com\/rss\/articles\/CBMic0FVX3lxTE5TQTNMMnFyNDZUN1k4WldXRm5QV0Npd2pNQWNWMW5XYWkyVFdxS2N5SHYwVGQtczhfcGxFejQ1TXpEUHRyb2N1ZTRyUzk0MmRjMlJiSEU4ZVNjZE9lT1NrdUlLM29XNG5BV3NJQmtkbGNrYlE?oc=5\" target=\"_blank\" rel=\"nofollow noopener\">SMHI ut\u00f6kar gul varning f\u00f6r fj\u00e4llen<\/a>&nbsp;&nbsp;op.se<\/li>\n<\/ol>\n","protected":false},"excerpt":{"rendered":"Varning: Stor risk f\u00f6r f\u00f6rfrysning i fj\u00e4llen&nbsp;&nbsp;V\u00e4sterbottens-Kuriren \u201dM\u00e4ktiga finska h\u00f6gtrycket\u201d ger kallt v\u00e4der och gula varningar i helgen&nbsp;&nbsp;Aftonbladet&hellip;\n","protected":false},"author":2,"featured_media":151476,"comment_status":"","ping_status":"","sticky":false,"template":"","format":"standard","meta":{"footnotes":""},"categories":[5],"tags":[22,23,26,27,17,21,24,25,28,29,15,16,18,34,31,33,32,30,19,20],"class_list":{"0":"post-151475","1":"post","2":"type-post","3":"status-publish","4":"format-standard","5":"has-post-thumbnail","7":"category-rubriker","8":"tag-breaking-news","9":"tag-breakingnews","10":"tag-featured-news","11":"tag-featurednews","12":"tag-headlines","13":"tag-huvudnyheter","14":"tag-latest-news","15":"tag-latestnews","16":"tag-main-news","17":"tag-mainnews","18":"tag-news","19":"tag-nyheter","20":"tag-rubriker","21":"tag-se","22":"tag-svenska","23":"tag-sverige","24":"tag-sweden","25":"tag-swedish","26":"tag-top-stories","27":"tag-topstories"},"share_on_mastodon":{"url":"https:\/\/pubeurope.com\/@se\/115985079567016872","error":""},"_links":{"self":[{"href":"https:\/\/www.europesays.com\/se\/wp-json\/wp\/v2\/posts\/151475","targetHints":{"allow":["GET"]}}],"collection":[{"href":"https:\/\/www.europesays.com\/se\/wp-json\/wp\/v2\/posts"}],"about":[{"href":"https:\/\/www.europesays.com\/se\/wp-json\/wp\/v2\/types\/post"}],"author":[{"embeddable":true,"href":"https:\/\/www.europesays.com\/se\/wp-json\/wp\/v2\/users\/2"}],"replies":[{"embeddable":true,"href":"https:\/\/www.europesays.com\/se\/wp-json\/wp\/v2\/comments?post=151475"}],"version-history":[{"count":0,"href":"https:\/\/www.europesays.com\/se\/wp-json\/wp\/v2\/posts\/151475\/revisions"}],"wp:featuredmedia":[{"embeddable":true,"href":"https:\/\/www.europesays.com\/se\/wp-json\/wp\/v2\/media\/151476"}],"wp:attachment":[{"href":"https:\/\/www.europesays.com\/se\/wp-json\/wp\/v2\/media?parent=151475"}],"wp:term":[{"taxonomy":"category","embeddable":true,"href":"https:\/\/www.europesays.com\/se\/wp-json\/wp\/v2\/categories?post=151475"},{"taxonomy":"post_tag","embeddable":true,"href":"https:\/\/www.europesays.com\/se\/wp-json\/wp\/v2\/tags?post=151475"}],"curies":[{"name":"wp","href":"https:\/\/api.w.org\/{rel}","templated":true}]}}