{"id":15156,"date":"2025-08-27T16:18:24","date_gmt":"2025-08-27T16:18:24","guid":{"rendered":"https:\/\/www.europesays.com\/se\/15156\/"},"modified":"2025-08-27T16:18:24","modified_gmt":"2025-08-27T16:18:24","slug":"mjallby-rasar-mot-landslaget-torstensson-wild-and-crazy","status":"publish","type":"post","link":"https:\/\/www.europesays.com\/se\/15156\/","title":{"rendered":"Mj\u00e4llby rasar mot landslaget \u2013 Torstensson: &#8221;Wild and crazy&#8221;"},"content":{"rendered":"<p><strong>Noel T\u00f6rnqvist petades i <a href=\"https:\/\/fotbolldirekt.se\/herrlandslaget\/just-nu-har-ar-jon-dahl-tomassons-vm-kvaltrupp\/\" rel=\"nofollow noopener\" target=\"_blank\">den svenska landslagstruppen<\/a>.<br \/>Det f\u00e5r <a href=\"https:\/\/fotbolldirekt.se\/klubb\/mjallby-aif\/\" rel=\"nofollow noopener\" target=\"_blank\">Mj\u00e4llby AIF<\/a> att rasa.<br \/>\u201dT\u00e4nk om man kunde ta ut ett lag utefter vilka som presterar b\u00e4st?\u201d, skriver Anders Torstensson i ett inl\u00e4gg p\u00e5 Facebook.<\/strong><\/p>\n<p><img loading=\"lazy\" decoding=\"async\" width=\"1024\" height=\"576\" src=\"https:\/\/www.europesays.com\/se\/wp-content\/uploads\/2025\/08\/toresten-1024x576.jpg\" alt=\"\" class=\"wp-image-310150\"  \/>Foto: Bildbyr\u00e5n<\/p>\n<p>Mj\u00e4llby AIF toppar allsvenskan, och i m\u00e5let har den 23-\u00e5rige keepern <a href=\"https:\/\/fotbolldirekt.se\/spelare\/noel-tornqvist\/\" rel=\"nofollow noopener\" target=\"_blank\">Noel T\u00f6rnqvist<\/a> st\u00e5tt f\u00f6r en imponerande s\u00e4song. <\/p>\n<p>Trots det fick m\u00e5lvakten inte en plats i Jon Dahl Tomassons landslagstrupp till de kommande VM-kvalmatcherna. I st\u00e4llet valde f\u00f6rbundskaptenen de rutinerade Robin Olsen, Kristoffer Nordfeldt och Viktor Johansson.<\/p>\n<p>Beslutet har f\u00e5tt Mj\u00e4llby att rasa. Tr\u00e4nare Anders Torstensson skriver bland annat ett kritiskt inl\u00e4gg p\u00e5 Facebook riktat till landslagsledningen.<\/p>\n<p>\u201dJag \u00e4r ju inte alls p\u00e5 den niv\u00e5n som landslagsledningen \u00e4r och jag kan ju uppenbarligen inget alls om den vad som kr\u00e4vs eftersom jag totalt saknar erfarenhet. Men man kan ju \u00e4nd\u00e5 f\u00e5 t\u00e4nka lite \u2019wild and crazy\u2019 n\u00e4r det g\u00e4ller uttagningen? Mina tankar \u00e4r nog inte s\u00e4rskilt realistiska men \u00e4nd\u00e5: T\u00e4nk om man kunde ta ut ett lag utefter vilka som presterar b\u00e4st?\u201d.<\/p>\n<p>\u2013 Jag har v\u00e4ldigt sv\u00e5rt att f\u00f6rst\u00e5 varf\u00f6r Noel T\u00f6rnqvist inte \u00e4r uttagen i truppen, f\u00f6rklarar Maif-tr\u00e4naren f\u00f6r <a href=\"https:\/\/www.fotbollskanalen.se\/sverige\/mjallby-tranaren-noel-tornqvist-borde-tagits-ut-i-landslaget\/\" rel=\"nofollow noopener\" target=\"_blank\">Fotbollskanalen<\/a>.<\/p>\n<p>Sportchef Hasse Larsson st\u00e4mmer in i kritiken mot landslagets m\u00e5lvaktsbeslut.<\/p>\n<p>\u2013 Det \u00e4r v\u00e4ldigt m\u00e4rkligt agerat. Det m\u00e5ste bero p\u00e5 n\u00e5got annat. Jag tycker absolut han \u00e4r allsvenskans b\u00e4sta m\u00e5lvakt, s\u00e4ger han till <a href=\"https:\/\/www.aftonbladet.se\/sportbladet\/fotboll\/a\/73ex0W\/mjallby-rasar-efter-noel-tornqvists-uteblivna-uttagning-i-landslaget\" rel=\"nofollow noopener\" target=\"_blank\">Sportbladet<\/a>.<\/p>\n<p>Sverige st\u00e4lls mot Slovenien p\u00e5 bortaplan\u00a0under fredagen den 5:e september och mot Kosovo\u00a0borta den 8:e september.<\/p>\n","protected":false},"excerpt":{"rendered":"Noel T\u00f6rnqvist petades i den svenska landslagstruppen.Det f\u00e5r Mj\u00e4llby AIF att rasa.\u201dT\u00e4nk om man kunde ta ut ett&hellip;\n","protected":false},"author":2,"featured_media":15157,"comment_status":"","ping_status":"","sticky":false,"template":"","format":"standard","meta":{"footnotes":""},"categories":[5],"tags":[22,23,26,27,17,21,24,25,28,29,15,16,18,34,115,31,33,32,30,19,20],"class_list":{"0":"post-15156","1":"post","2":"type-post","3":"status-publish","4":"format-standard","5":"has-post-thumbnail","7":"category-rubriker","8":"tag-breaking-news","9":"tag-breakingnews","10":"tag-featured-news","11":"tag-featurednews","12":"tag-headlines","13":"tag-huvudnyheter","14":"tag-latest-news","15":"tag-latestnews","16":"tag-main-news","17":"tag-mainnews","18":"tag-news","19":"tag-nyheter","20":"tag-rubriker","21":"tag-se","22":"tag-senaste-nytt-2","23":"tag-svenska","24":"tag-sverige","25":"tag-sweden","26":"tag-swedish","27":"tag-top-stories","28":"tag-topstories"},"share_on_mastodon":{"url":"","error":""},"_links":{"self":[{"href":"https:\/\/www.europesays.com\/se\/wp-json\/wp\/v2\/posts\/15156","targetHints":{"allow":["GET"]}}],"collection":[{"href":"https:\/\/www.europesays.com\/se\/wp-json\/wp\/v2\/posts"}],"about":[{"href":"https:\/\/www.europesays.com\/se\/wp-json\/wp\/v2\/types\/post"}],"author":[{"embeddable":true,"href":"https:\/\/www.europesays.com\/se\/wp-json\/wp\/v2\/users\/2"}],"replies":[{"embeddable":true,"href":"https:\/\/www.europesays.com\/se\/wp-json\/wp\/v2\/comments?post=15156"}],"version-history":[{"count":0,"href":"https:\/\/www.europesays.com\/se\/wp-json\/wp\/v2\/posts\/15156\/revisions"}],"wp:featuredmedia":[{"embeddable":true,"href":"https:\/\/www.europesays.com\/se\/wp-json\/wp\/v2\/media\/15157"}],"wp:attachment":[{"href":"https:\/\/www.europesays.com\/se\/wp-json\/wp\/v2\/media?parent=15156"}],"wp:term":[{"taxonomy":"category","embeddable":true,"href":"https:\/\/www.europesays.com\/se\/wp-json\/wp\/v2\/categories?post=15156"},{"taxonomy":"post_tag","embeddable":true,"href":"https:\/\/www.europesays.com\/se\/wp-json\/wp\/v2\/tags?post=15156"}],"curies":[{"name":"wp","href":"https:\/\/api.w.org\/{rel}","templated":true}]}}