{"id":15158,"date":"2025-08-27T16:20:07","date_gmt":"2025-08-27T16:20:07","guid":{"rendered":"https:\/\/www.europesays.com\/se\/15158\/"},"modified":"2025-08-27T16:20:07","modified_gmt":"2025-08-27T16:20:07","slug":"pinas-pa-vag-bort-fran-bajen-nara-klubb-i-saudiarabien-allsvenskan","status":"publish","type":"post","link":"https:\/\/www.europesays.com\/se\/15158\/","title":{"rendered":"Pinas p\u00e5 v\u00e4g bort fr\u00e5n Bajen \u2013 n\u00e4ra klubb i Saudiarabien | Allsvenskan"},"content":{"rendered":"<p>Publicerad 27 aug 2025 kl 17.37<\/p>\n<p>Shaquille Pinas \u00e4r p\u00e5 v\u00e4g att l\u00e4mna Hammarby redan i sommar.<\/p>\n<p>Enligt flera k\u00e4llor med god insyn i klubben \u00e4r Hammarby n\u00e4ra att komma \u00f6verens med Al-Kholood i Saudi Pro League g\u00e4llande en \u00f6verg\u00e5ng.<\/p>\n<p>Spelaren ska redan ha tackat av sina lagkamrater p\u00e5 \u00c5rsta.<\/p>\n<p><img   alt=\"\"\/><\/p>\n<p>Shaquille Pinas<\/p>\n<p>Foto: ANDREAS SANDSTR\u00d6M \/ BILDBYR\u00c5N<\/p>\n<p>\u00d6ppna bild i helsk\u00e4rm<img loading=\"lazy\"   alt=\"\"\/><\/p>\n<p>Shaquille Pinas<\/p>\n<p>Foto: KENTA J\u00d6NSSON \/ BILDBYR\u00c5N<\/p>\n<p>\u00d6ppna bild i helsk\u00e4rm<\/p>\n<p>Hammarby kan vara p\u00e5 v\u00e4g att genomf\u00f6ra flera aff\u00e4rer innan det svenska och internationella transferf\u00f6nstret st\u00e4nger p\u00e5 fredag respektive m\u00e5ndag.<\/p>\n<p>Dels \u00e4r Jusef Erabi p\u00e5 v\u00e4g att l\u00e4mna och <a href=\"https:\/\/www.expressen.se\/sport\/fotboll\/allsvenskan\/celtic-har-lagt-bud-pa-sebastian-tounekti\/\" rel=\"nofollow noopener\" target=\"_blank\">Expressen avsl\u00f6jade under onsdagen att Celtic har budat 33 miljoner kronor<\/a> p\u00e5 Sebastian Tounekti \u2013 d\u00e4r Bajen kr\u00e4ver det dubbla.<\/p>\n<p>Samtidigt har det varit mycket snack om Shaquille Pinas framtid. Initialt har klubben haft som plan att beh\u00e5lla spelaren s\u00e4songen ut, d\u00e5 man varit mitt uppe i en guldstrid.<\/p>\n<p>Men flera k\u00e4llor uppger att Pinas \u00e4r p\u00e5 v\u00e4g att l\u00e4mna redan nu.<\/p>\n<p>L\u00e4mnar f\u00f6r Saudi<\/p>\n<p>Flera k\u00e4llor med god insyn i Hammarby som Expressen varit i kontakt med uppger att de gr\u00f6nvita \u00e4r n\u00e4ra att s\u00e4lja Shaquille Pinas till Al-Khoolod i Saudi Pro League.<\/p>\n<p>V\u00e4nsterbacken ska redan ha tackat av sina lagkamrater p\u00e5 \u00c5rsta, vilket inneb\u00e4r att klubbarna nu befinner sig i slutfasen av f\u00f6rhandlingarna kring \u00f6verg\u00e5ngen.<\/p>\n<p>Intr\u00e4ffar inget ov\u00e4ntat s\u00e5 kan Pinas allts\u00e5 i dagarna flyga till Saudiarabien f\u00f6r att slutf\u00f6ra en \u00f6verg\u00e5ng och skriva p\u00e5 f\u00f6r den saudiska klubben.<\/p>\n<p>Shaquille Pinas har varit en av Hammarbys b\u00e4sta spelare sedan han v\u00e4rvades fr\u00e5n Ludogorets i Bulgarien \u2013 och st\u00e5r noterad f\u00f6r \u00a0<\/p>\n","protected":false},"excerpt":{"rendered":"Publicerad 27 aug 2025 kl 17.37 Shaquille Pinas \u00e4r p\u00e5 v\u00e4g att l\u00e4mna Hammarby redan i sommar. Enligt&hellip;\n","protected":false},"author":2,"featured_media":15159,"comment_status":"","ping_status":"","sticky":false,"template":"","format":"standard","meta":{"footnotes":""},"categories":[68],"tags":[738,34,130,129,111,110,31,33,32,30],"class_list":{"0":"post-15158","1":"post","2":"type-post","3":"status-publish","4":"format-standard","5":"has-post-thumbnail","7":"category-sport","8":"tag-organization-hammarby-if","9":"tag-se","10":"tag-sections-allsvenskan","11":"tag-sections-fotboll","12":"tag-sport","13":"tag-sports","14":"tag-svenska","15":"tag-sverige","16":"tag-sweden","17":"tag-swedish"},"share_on_mastodon":{"url":"","error":""},"_links":{"self":[{"href":"https:\/\/www.europesays.com\/se\/wp-json\/wp\/v2\/posts\/15158","targetHints":{"allow":["GET"]}}],"collection":[{"href":"https:\/\/www.europesays.com\/se\/wp-json\/wp\/v2\/posts"}],"about":[{"href":"https:\/\/www.europesays.com\/se\/wp-json\/wp\/v2\/types\/post"}],"author":[{"embeddable":true,"href":"https:\/\/www.europesays.com\/se\/wp-json\/wp\/v2\/users\/2"}],"replies":[{"embeddable":true,"href":"https:\/\/www.europesays.com\/se\/wp-json\/wp\/v2\/comments?post=15158"}],"version-history":[{"count":0,"href":"https:\/\/www.europesays.com\/se\/wp-json\/wp\/v2\/posts\/15158\/revisions"}],"wp:featuredmedia":[{"embeddable":true,"href":"https:\/\/www.europesays.com\/se\/wp-json\/wp\/v2\/media\/15159"}],"wp:attachment":[{"href":"https:\/\/www.europesays.com\/se\/wp-json\/wp\/v2\/media?parent=15158"}],"wp:term":[{"taxonomy":"category","embeddable":true,"href":"https:\/\/www.europesays.com\/se\/wp-json\/wp\/v2\/categories?post=15158"},{"taxonomy":"post_tag","embeddable":true,"href":"https:\/\/www.europesays.com\/se\/wp-json\/wp\/v2\/tags?post=15158"}],"curies":[{"name":"wp","href":"https:\/\/api.w.org\/{rel}","templated":true}]}}