{"id":15167,"date":"2025-08-27T16:36:13","date_gmt":"2025-08-27T16:36:13","guid":{"rendered":"https:\/\/www.europesays.com\/se\/15167\/"},"modified":"2025-08-27T16:36:13","modified_gmt":"2025-08-27T16:36:13","slug":"tv4-och-svt-delar-pa-fotbolls-vm-i-brasilien-fotboll","status":"publish","type":"post","link":"https:\/\/www.europesays.com\/se\/15167\/","title":{"rendered":"TV4 och SVT delar p\u00e5 fotbolls-VM i Brasilien | Fotboll"},"content":{"rendered":"<p>Publicerad 27 aug 2025 kl 06.20Uppdaterad kl 07.54<\/p>\n<p>Det blir TV4 och SVT som s\u00e4nder fotbolls-VM f\u00f6r damer i Brasilien 2027.<\/p>\n<p><img   alt=\"\"\/> <\/p>\n<p>Foto: MATHIAS BERGELD \/ BILDBYR\u00c5N<\/p>\n<p>\u00d6ppna bild i helsk\u00e4rm<\/p>\n<p>SVT har redan r\u00e4ttigheterna till Sveriges kvalmatcher till VM, men kommer allts\u00e5 att dela sj\u00e4lva m\u00e4sterskapet med TV4.<\/p>\n<p>\u201dVi \u00e4r v\u00e4ldigt glada att \u00e5terigen kunna s\u00e4kra ett stort fotbollsm\u00e4sterskap d\u00e4r vi tror p\u00e5 goda svenska medaljchanser\u201d, s\u00e4ger Johan Cederqvist, sportdirekt\u00f6r p\u00e5 TV4, i ett pressmeddelande.<\/p>\n<p>Sverige har tagit medalj i fyra av de sex senaste m\u00e4sterskapen, i det senaste blev det ett brons.<\/p>\n<p>2027-\u00e5rs m\u00e4sterskap \u00e4r det f\u00f6rsta som h\u00e5lls p\u00e5 sydamerikansk mark.<\/p>\n","protected":false},"excerpt":{"rendered":"Publicerad 27 aug 2025 kl 06.20Uppdaterad kl 07.54 Det blir TV4 och SVT som s\u00e4nder fotbolls-VM f\u00f6r damer&hellip;\n","protected":false},"author":2,"featured_media":15168,"comment_status":"","ping_status":"","sticky":false,"template":"","format":"standard","meta":{"footnotes":""},"categories":[68],"tags":[1370,1954,34,129,111,110,31,33,32,30],"class_list":{"0":"post-15167","1":"post","2":"type-post","3":"status-publish","4":"format-standard","5":"has-post-thumbnail","7":"category-sport","8":"tag-organization-fotbolls-vm","9":"tag-organization-sveriges-damlandslag-i-fotboll","10":"tag-se","11":"tag-sections-fotboll","12":"tag-sport","13":"tag-sports","14":"tag-svenska","15":"tag-sverige","16":"tag-sweden","17":"tag-swedish"},"share_on_mastodon":{"url":"","error":""},"_links":{"self":[{"href":"https:\/\/www.europesays.com\/se\/wp-json\/wp\/v2\/posts\/15167","targetHints":{"allow":["GET"]}}],"collection":[{"href":"https:\/\/www.europesays.com\/se\/wp-json\/wp\/v2\/posts"}],"about":[{"href":"https:\/\/www.europesays.com\/se\/wp-json\/wp\/v2\/types\/post"}],"author":[{"embeddable":true,"href":"https:\/\/www.europesays.com\/se\/wp-json\/wp\/v2\/users\/2"}],"replies":[{"embeddable":true,"href":"https:\/\/www.europesays.com\/se\/wp-json\/wp\/v2\/comments?post=15167"}],"version-history":[{"count":0,"href":"https:\/\/www.europesays.com\/se\/wp-json\/wp\/v2\/posts\/15167\/revisions"}],"wp:featuredmedia":[{"embeddable":true,"href":"https:\/\/www.europesays.com\/se\/wp-json\/wp\/v2\/media\/15168"}],"wp:attachment":[{"href":"https:\/\/www.europesays.com\/se\/wp-json\/wp\/v2\/media?parent=15167"}],"wp:term":[{"taxonomy":"category","embeddable":true,"href":"https:\/\/www.europesays.com\/se\/wp-json\/wp\/v2\/categories?post=15167"},{"taxonomy":"post_tag","embeddable":true,"href":"https:\/\/www.europesays.com\/se\/wp-json\/wp\/v2\/tags?post=15167"}],"curies":[{"name":"wp","href":"https:\/\/api.w.org\/{rel}","templated":true}]}}