{"id":15169,"date":"2025-08-27T16:39:07","date_gmt":"2025-08-27T16:39:07","guid":{"rendered":"https:\/\/www.europesays.com\/se\/15169\/"},"modified":"2025-08-27T16:39:07","modified_gmt":"2025-08-27T16:39:07","slug":"savsjo-kommuns-beslut-om-p-boter-gick-inte-ihop","status":"publish","type":"post","link":"https:\/\/www.europesays.com\/se\/15169\/","title":{"rendered":"S\u00e4vsj\u00f6 kommuns beslut om p-b\u00f6ter: \u201dGick inte ihop\u201d"},"content":{"rendered":"<p>Publicerad 27 aug 2025 kl 17.48<\/p>\n<p>Vid felparkering riskerar du snabbt en gul lapp under vindrutetorkaren i de flesta svenska kommuner.<\/p>\n<p>Men i sm\u00e5l\u00e4ndska S\u00e4vsj\u00f6 \u00e4r det annorlunda.<\/p>\n<p>Senaste nyhetsklippen fr\u00e5n Expressen.<img   alt=\"\"\/><\/p>\n<p>Frihet under ansvar g\u00e4ller i S\u00e4vsj\u00f6 kommun.<\/p>\n<p>Foto: JENS CHRISTIAN<\/p>\n<p>\u00d6ppna bild i helsk\u00e4rm<img loading=\"lazy\"   alt=\"\"\/><\/p>\n<p>Att ha parkeringsvakter blev en f\u00f6rlustaff\u00e4r f\u00f6r kommunen.<\/p>\n<p>Foto: JENS CHRISTIAN<\/p>\n<p>\u00d6ppna bild i helsk\u00e4rm<\/p>\n<p>Gl\u00f6m parkeringsvakter som smyger i buskarna.<\/p>\n<p>I <a href=\"https:\/\/www.expressen.se\/tagg\/location\/savsjo-kommun\/\" class=\"\" rel=\"nofollow noopener\" target=\"_blank\">S\u00e4vsj\u00f6 kommun<\/a> kan du st\u00e4lla bilen n\u00e4stan hur du vill \u2013 utan risk f\u00f6r att komma tillbaka till en gul lapp under vindrutetorkaren.<\/p>\n<p>Kommunen, med drygt 11 500 inv\u00e5nare, har n\u00e4mligen helt slutat med att dela ut parkeringsb\u00f6ter.<\/p>\n<p>Och det verkar fungera.<\/p>\n<p>F\u00f6r n\u00e5gra \u00e5r sedan testade kommunen att ta in parkeringsvakter fr\u00e5n Securitas. D\u00e5 handlade det bland annat om bilister som parkerade p\u00e5 platser avsedda f\u00f6r r\u00f6relsehindrade.<\/p>\n<p>\u2013 M\u00e4nniskor f\u00f6rstod ju ganska snabbt att det inte gick att parkera d\u00e4r f\u00f6r d\u00e5 kostade det pengar, och d\u00e5 slutade ofoget, s\u00e4ger kristdemokraten Stefan Gustafsson, tidigare kommunalr\u00e5d i S\u00e4vsj\u00f6, <a href=\"https:\/\/www.sverigesradio.se\/artikel\/har-far-du-inte-boter-for-felparkering-en-fordel-for-invanarna\" rel=\"nofollow noopener\" target=\"_blank\">till P4 J\u00f6nk\u00f6ping<\/a>.<\/p>\n<p>S\u00e5 f\u00f6rs\u00f6ket blev kortvarigt.<\/p>\n<p><img loading=\"lazy\"   alt=\"\"\/><\/p>\n<p>P\u00e5 de flesta st\u00e4llen i Sverige kan det vara kostsamt att parkera fel.<\/p>\n<p>Foto: Henrik Isaksson\/TT \/ HENRIK ISAKSSON\/IBL<\/p>\n<p>\u00d6ppna bild i helsk\u00e4rmParkeringsvakter ses som en on\u00f6dig kostnad<\/p>\n<p>N\u00e4r problemen f\u00f6rsvann plockade kommunen bort b\u00e5de vakterna och de gula b\u00f6teslapparna.<\/p>\n<p>Stefan Gustafsson menar att man inte ska ha parkeringsvakter i on\u00f6dan.<\/p>\n<p>\u2013 Det gick inte ihop. Antalet p-b\u00f6ter betalade inte den tj\u00e4nsten som vi k\u00f6pte och vi hade inget problem med de h\u00e4r b\u00f6terna. S\u00e5 d\u00e5 sa vi att om det uppst\u00e5r igen, ja d\u00e5 kommer vi anlita ett vaktbolag igen, s\u00e4ger Stefan Gustafsson <a href=\"https:\/\/www.sverigesradio.se\/artikel\/har-far-du-inte-boter-for-felparkering-en-fordel-for-invanarna\" rel=\"nofollow noopener\" target=\"_blank\">till P4 J\u00f6nk\u00f6ping<\/a>.<\/p>\n<p><img loading=\"lazy\"   alt=\"\"\/><\/p>\n<p>Stefan Gustafsson s\u00e5g en chans f\u00f6r kommunen att spara pengar.<\/p>\n<p>Foto: Pressbild<\/p>\n<p>\u00d6ppna bild i helsk\u00e4rm<\/p>\n<p>F\u00f6r den som parkerar fel i S\u00e4vsj\u00f6 v\u00e4ntar allts\u00e5 ingen avgift \u2013 d\u00e4remot kan kommunen h\u00f6ra av sig och ta fordons\u00e4garen i \u00f6rat.<\/p>\n<p>Frihet under ansvar \u00e4r vad som g\u00e4ller i dagsl\u00e4get.<\/p>\n<p>\u2013 Jag tycker att det \u00e4r en f\u00f6rdel f\u00f6r S\u00e4vsj\u00f6s kommuninv\u00e5nare att det \u00e4r fritt att parkera och jag tror att det \u00e4r d\u00e4rf\u00f6r som det sk\u00f6ts i m\u00e5ngt och mycket utifr\u00e5n lagar och f\u00f6rordningar, s\u00e4ger Thomas Lundin, gatuchef i S\u00e4vsj\u00f6, <a href=\"https:\/\/www.sverigesradio.se\/artikel\/har-far-du-inte-boter-for-felparkering-en-fordel-for-invanarna\" rel=\"nofollow noopener\" target=\"_blank\">till P4 J\u00f6nk\u00f6ping<\/a>.<\/p>\n<p><strong>L\u00c4S MER: <\/strong><a href=\"https:\/\/www.expressen.se\/nyheter\/varlden\/30-aringen-fick-sin-bil-botfalld-och-ingen-forstar-varfor\/\" class=\"\" rel=\"nofollow noopener\" target=\"_blank\">30-\u00e5ringen fick sin bil b\u00f6tf\u00e4lld \u2013 och ingen f\u00f6rst\u00e5r varf\u00f6r<\/a><strong>L\u00c4S MER: <\/strong><a href=\"https:\/\/www.expressen.se\/nyheter\/malikah-25-forsokte-blasa-p-vakt-fick-bota-10-000\/\" class=\"\" rel=\"nofollow noopener\" target=\"_blank\">Malikah, 25, f\u00f6rs\u00f6kte bl\u00e5sa p-vakt \u2013 fick b\u00f6ta 10 000<\/a><\/p>\n","protected":false},"excerpt":{"rendered":"Publicerad 27 aug 2025 kl 17.48 Vid felparkering riskerar du snabbt en gul lapp under vindrutetorkaren i de&hellip;\n","protected":false},"author":2,"featured_media":15170,"comment_status":"","ping_status":"","sticky":false,"template":"","format":"standard","meta":{"footnotes":""},"categories":[65],"tags":[72,70,71,1956,1955,1569,34,154,31,33,32,30,1942,1957],"class_list":{"0":"post-15169","1":"post","2":"type-post","3":"status-publish","4":"format-standard","5":"has-post-thumbnail","7":"category-ekonomi","8":"tag-business","9":"tag-economy","10":"tag-ekonomi","11":"tag-location-savsjo","12":"tag-location-savsjo-kommun","13":"tag-location-smaland","14":"tag-se","15":"tag-sections-sverige","16":"tag-svenska","17":"tag-sverige","18":"tag-sweden","19":"tag-swedish","20":"tag-topic-lagar","21":"tag-topic-parkeringsboter"},"share_on_mastodon":{"url":"","error":""},"_links":{"self":[{"href":"https:\/\/www.europesays.com\/se\/wp-json\/wp\/v2\/posts\/15169","targetHints":{"allow":["GET"]}}],"collection":[{"href":"https:\/\/www.europesays.com\/se\/wp-json\/wp\/v2\/posts"}],"about":[{"href":"https:\/\/www.europesays.com\/se\/wp-json\/wp\/v2\/types\/post"}],"author":[{"embeddable":true,"href":"https:\/\/www.europesays.com\/se\/wp-json\/wp\/v2\/users\/2"}],"replies":[{"embeddable":true,"href":"https:\/\/www.europesays.com\/se\/wp-json\/wp\/v2\/comments?post=15169"}],"version-history":[{"count":0,"href":"https:\/\/www.europesays.com\/se\/wp-json\/wp\/v2\/posts\/15169\/revisions"}],"wp:featuredmedia":[{"embeddable":true,"href":"https:\/\/www.europesays.com\/se\/wp-json\/wp\/v2\/media\/15170"}],"wp:attachment":[{"href":"https:\/\/www.europesays.com\/se\/wp-json\/wp\/v2\/media?parent=15169"}],"wp:term":[{"taxonomy":"category","embeddable":true,"href":"https:\/\/www.europesays.com\/se\/wp-json\/wp\/v2\/categories?post=15169"},{"taxonomy":"post_tag","embeddable":true,"href":"https:\/\/www.europesays.com\/se\/wp-json\/wp\/v2\/tags?post=15169"}],"curies":[{"name":"wp","href":"https:\/\/api.w.org\/{rel}","templated":true}]}}