{"id":15175,"date":"2025-08-27T16:50:15","date_gmt":"2025-08-27T16:50:15","guid":{"rendered":"https:\/\/www.europesays.com\/se\/15175\/"},"modified":"2025-08-27T16:50:15","modified_gmt":"2025-08-27T16:50:15","slug":"hasse-larsson-dementerar-grekiska-uppgifterna-om-manneh","status":"publish","type":"post","link":"https:\/\/www.europesays.com\/se\/15175\/","title":{"rendered":"Hasse Larsson dementerar grekiska uppgifterna om Manneh"},"content":{"rendered":"<p><strong><a href=\"https:\/\/fotbolldirekt.se\/spelare\/abdoulie-manneh\/\" rel=\"nofollow noopener\" target=\"_blank\">Abdoulie Manneh<\/a> \u00e4r p\u00e5 plats i Grekland f\u00f6r att slutf\u00f6ra en \u00f6verg\u00e5ng till Olympiakos. <\/strong><br \/><strong>Under eftermiddagen har nu en hastig v\u00e4ndning kommit \u2013 och grekiska SDNA h\u00e4vdar att Mj\u00e4llby-spelaren inte har klarat l\u00e4karunders\u00f6kningen. <\/strong><br \/><strong>\u2013 Det \u00e4r helt enkelt inte sant, s\u00e4ger Maif-sportchefen Hasse Larsson till FotbollDirekt. <\/strong><\/p>\n<p><img loading=\"lazy\" decoding=\"async\" width=\"1024\" height=\"576\" src=\"https:\/\/www.europesays.com\/se\/wp-content\/uploads\/2025\/08\/has-man-1-1024x576.jpg\" alt=\"\" class=\"wp-image-310136\"  \/>Foto: Bildbyr\u00e5n.<\/p>\n<p>Redan inf\u00f6r m\u00e5ndagens match mellan Gais och <a href=\"https:\/\/fotbolldirekt.se\/klubb\/mjallby-aif\/\" rel=\"nofollow noopener\" target=\"_blank\">Mj\u00e4llby<\/a> rapporterades det fr\u00e5n flera h\u00e5ll att en \u00f6verg\u00e5ng till\u00a0<strong>Olympiakos<\/strong>\u00a0var s\u00e5 gott som klar f\u00f6r Abdoulie Manneh. <\/p>\n<p>Ig\u00e5r kunde <a href=\"https:\/\/fotbolldirekt.se\/silly-season\/exklusivt-har-landar-manneh-i-aten-for-att-slutfora-rekordaffaren\/\" rel=\"nofollow noopener\" target=\"_blank\">FD visa bilder<\/a> p\u00e5 n\u00e4r <strong>gambiern landade i Grekland<\/strong> f\u00f6r att l\u00e4karunders\u00f6kas och skriva p\u00e5 kontraktet. Det har han nu gjort, <strong>men uppges inte ha klarat l\u00e4karunders\u00f6kningen<\/strong>.<\/p>\n<p>Det \u00e4r den grekiska sajten SDNA som menade att Manneh inte klarade de medicinska testerna och att <a href=\"https:\/\/fotbolldirekt.se\/silly-season\/uppgifter-mjallbys-manneh-forsaljning-har-kollapsat\/\" rel=\"nofollow noopener\" target=\"_blank\">\u00f6verg\u00e5ngen d\u00e4rf\u00f6r inte kommer att bli av<\/a>. Enligt uppgifterna hittade den grekiska storklubben n\u00e5got som \u201dskulle kunna orsaka problem i framtiden\u201d.<\/p>\n<p>Mj\u00e4llbys sportchef, Hasse Larsson, <strong>menar att de grekiska uppgifterna inte \u00e4r korrekta<\/strong>. <\/p>\n<p>\u2013 Det \u00e4r helt enkelt inte sant att han inte har klarat medical. Vad det egentligen handlar om vet jag inte men det m\u00e5ste handla om n\u00e5gonting personligt f\u00f6r Abdoulie. Jag vet inte, s\u00e4ger Larsson till FD och forts\u00e4tter: <\/p>\n<p>\u2013 Han \u00e4r k\u00e4rnfrisk, s\u00e5 problemet m\u00e5ste handla om n\u00e5gonting annat.\u00a0Det k\u00e4nns som att de skyller p\u00e5 det h\u00e4r f\u00f6r att d\u00f6lja n\u00e5gonting annat. <\/p>\n<p>Om \u00f6verg\u00e5ngen kommer att bli av eller inte \u00e5terst\u00e5r att se. Hasse Larsson meddelar att han inv\u00e4ntar mer information fr\u00e5n Olympiakos. <\/p>\n","protected":false},"excerpt":{"rendered":"Abdoulie Manneh \u00e4r p\u00e5 plats i Grekland f\u00f6r att slutf\u00f6ra en \u00f6verg\u00e5ng till Olympiakos. Under eftermiddagen har nu&hellip;\n","protected":false},"author":2,"featured_media":15176,"comment_status":"","ping_status":"","sticky":false,"template":"","format":"standard","meta":{"footnotes":""},"categories":[5],"tags":[22,23,26,27,17,21,24,25,28,29,15,16,18,34,115,31,33,32,30,19,20],"class_list":{"0":"post-15175","1":"post","2":"type-post","3":"status-publish","4":"format-standard","5":"has-post-thumbnail","7":"category-rubriker","8":"tag-breaking-news","9":"tag-breakingnews","10":"tag-featured-news","11":"tag-featurednews","12":"tag-headlines","13":"tag-huvudnyheter","14":"tag-latest-news","15":"tag-latestnews","16":"tag-main-news","17":"tag-mainnews","18":"tag-news","19":"tag-nyheter","20":"tag-rubriker","21":"tag-se","22":"tag-senaste-nytt-2","23":"tag-svenska","24":"tag-sverige","25":"tag-sweden","26":"tag-swedish","27":"tag-top-stories","28":"tag-topstories"},"share_on_mastodon":{"url":"","error":""},"_links":{"self":[{"href":"https:\/\/www.europesays.com\/se\/wp-json\/wp\/v2\/posts\/15175","targetHints":{"allow":["GET"]}}],"collection":[{"href":"https:\/\/www.europesays.com\/se\/wp-json\/wp\/v2\/posts"}],"about":[{"href":"https:\/\/www.europesays.com\/se\/wp-json\/wp\/v2\/types\/post"}],"author":[{"embeddable":true,"href":"https:\/\/www.europesays.com\/se\/wp-json\/wp\/v2\/users\/2"}],"replies":[{"embeddable":true,"href":"https:\/\/www.europesays.com\/se\/wp-json\/wp\/v2\/comments?post=15175"}],"version-history":[{"count":0,"href":"https:\/\/www.europesays.com\/se\/wp-json\/wp\/v2\/posts\/15175\/revisions"}],"wp:featuredmedia":[{"embeddable":true,"href":"https:\/\/www.europesays.com\/se\/wp-json\/wp\/v2\/media\/15176"}],"wp:attachment":[{"href":"https:\/\/www.europesays.com\/se\/wp-json\/wp\/v2\/media?parent=15175"}],"wp:term":[{"taxonomy":"category","embeddable":true,"href":"https:\/\/www.europesays.com\/se\/wp-json\/wp\/v2\/categories?post=15175"},{"taxonomy":"post_tag","embeddable":true,"href":"https:\/\/www.europesays.com\/se\/wp-json\/wp\/v2\/tags?post=15175"}],"curies":[{"name":"wp","href":"https:\/\/api.w.org\/{rel}","templated":true}]}}