{"id":15179,"date":"2025-08-27T17:07:11","date_gmt":"2025-08-27T17:07:11","guid":{"rendered":"https:\/\/www.europesays.com\/se\/15179\/"},"modified":"2025-08-27T17:07:11","modified_gmt":"2025-08-27T17:07:11","slug":"israelska-golanibrigaden-bakom-de-dodliga-skandalerna-i-gaza","status":"publish","type":"post","link":"https:\/\/www.europesays.com\/se\/15179\/","title":{"rendered":"Israelska Golanibrigaden bakom de d\u00f6dliga skandalerna i Gaza"},"content":{"rendered":"<p>Mats Larsson<\/p>\n<p>Publicerad 27 aug 2025 kl 15.56<\/p>\n<p>Golani-brigaden \u00e4r elitf\u00f6rbandet som slagits i alla Israels krig.<\/p>\n<p>F\u00f6r israelerna \u00e4r de hj\u00e4ltar som dock nu riskerar bli n\u00e5got annat.<\/p>\n<p>Symboler f\u00f6r allt som g\u00e5tt snett i Gaza.<\/p>\n<p>Senaste klippen om oroligheterna i Mellan\u00f6stern.<\/p>\n<p>Detta \u00e4r en kommenterande text. Analys och st\u00e4llningstaganden \u00e4r skribentens.<\/p>\n<p><img   alt=\"\"\/><\/p>\n<p>Soldater ur israeliska Golani-brigaden i parlamentsbyggnaden i Gaza City i november 2023.<\/p>\n<p>Foto: X \/ X<\/p>\n<p>\u00d6ppna bild i helsk\u00e4rm<img loading=\"lazy\"   alt=\"\"\/>\u00d6ppna bild i helsk\u00e4rm<img   alt=\"\"\/>Mats Larsson<\/p>\n<p>Vi vet \u00e4nnu inte exakt vad som h\u00e4nde n\u00e4r 20 personer \u2013 d\u00e4ribland fem palestinska journalister \u2013 d\u00f6dades vid Nasser sjukhuset i Khan Younis i m\u00e5ndags.<\/p>\n<p>Men de d\u00f6dliga pusselbitarna b\u00f6rjar komma p\u00e5 plats. Den israeliska milit\u00e4ren uppger att Hamas satt upp en \u00f6vervakningskamera i omr\u00e5det och att det var m\u00e5let f\u00f6r de israeliska granaterna.<\/p>\n<p><strong>Det st\u00e4mmer att det fanns en kamera p\u00e5 taket. Den har suttit d\u00e4r ett tag, men den opererades av nyhetsbyr\u00e5n Reuters och streamade lives\u00e4ndningar d\u00e4rifr\u00e5n.<\/strong><\/p>\n<p><strong>Den israeliska milit\u00e4ren har ocks\u00e5 h\u00e4vdat att flera av journalisterna hade terroranknytningar, men har egentligen inte presenterat n\u00e5got bevis f\u00f6r det.<\/strong><\/p>\n<p>Ett par av dem arbetade f\u00f6r stora internationella nyhetsbyr\u00e5er. De samlades ofta d\u00e4r vid taket p\u00e5 Nasser-sjukhuset och orsaken \u00e4r r\u00e4tt enkel.<\/p>\n<p>Det var ett av f\u00e5 st\u00e4llen d\u00e4r de hade bra n\u00e4tuppkoppling. Sjukhuset \u00e4r ocks\u00e5 ett av f\u00e5 i Gaza som fungerar, en naturlig plats f\u00f6r journalister att vistas p\u00e5.<\/p>\n<p><img loading=\"lazy\"   alt=\"\"\/><\/p>\n<p>Nasser-sjukhuset efter m\u00e5ndagens attack. H\u00e4r d\u00f6dades 20 personer, d\u00e4ribland fem journalister.<\/p>\n<p>Foto: ANAS DEEB\/UPI\/SHUTTERSTOCK \/ SHUTTERSTOCK EDITORIAL\/IBL<\/p>\n<p>\u00d6ppna bild i helsk\u00e4rm<\/p>\n<p>Enligt Daily Telegraph och israeliska medieuppgifter var det en israelisk stridsvagn som \u00f6ppnade eld. Tv\u00e5 g\u00e5nger, med tio minuters mellanrum.<\/p>\n<p>Stridsvagnen opererade tillsammans med israeliska soldater fr\u00e5n den s\u00e5 kallade Golani-brigaden, cirka 1,5 kilometer fr\u00e5n sjukhuset.<\/p>\n<p>Det var p\u00e5 beg\u00e4ran fr\u00e5n Golani-f\u00f6rbandet som Merkava-stridsvagnen avfyrade de tv\u00e5 120 mm granaterna, enligt israeliska medier som citerar milit\u00e4rk\u00e4llor.<\/p>\n<p>Varf\u00f6r de sk\u00f6t tv\u00e5 g\u00e5nger \u00e4r oklart. Om m\u00e5let var en kamera s\u00e5 borde det onekligen r\u00e4ckt med ett skott.<\/p>\n<p>Det var den d\u00e4r andra granaten som kr\u00e4vde merparten av d\u00f6dsoffren. R\u00e4ddningsarbetare hade rusat dit f\u00f6r att hj\u00e4lpa till.<\/p>\n<p>Det \u00e4r inte f\u00f6rsta g\u00e5ngen Golani-brigaden skapar svarta rubriker i detta krig. Det var ocks\u00e5 soldater d\u00e4rifr\u00e5n som tidigare i \u00e5r \u00f6ppnade eld mot en grupp palestinska ambulanser.<\/p>\n<p>De israeliska soldaterna begravde sedan de 15 personer som d\u00f6dats i en massgrav. En vice bef\u00e4lhavare fick l\u00e4mna sin post eftersom han \u201dl\u00e4mnat en inkomplett och felaktig rapport\u201d om vad som h\u00e4nt.<\/p>\n<p><strong>Det \u00e5terst\u00e5r att se om det blir n\u00e5gra r\u00e4ttsliga efterspel i Israel mot de som var inblandade i beskjutningen. Israel har i det f\u00f6rflutna ofta utrett och st\u00e4llt ansvariga till svars n\u00e4r \u00f6vergrepp beg\u00e5tts.<\/strong><\/p>\n<p><strong>Efter d\u00f6dsskjutningen i m\u00e5ndags sa Israels premi\u00e4rminister Benjamin Netanyahu snabbt att han \u201ddjupt beklagade\u201d det han beskrev som \u201dett miss\u00f6de\u201d. Det \u00e4r s\u00e4llan han beklagar n\u00e5got i detta krig.<\/strong><\/p>\n<p>Annons<\/p>\n<p>Men massakern p\u00e5 journalisterna kom i ett l\u00e4ge d\u00e5 <a href=\"https:\/\/www.expressen.se\/tagg\/location\/israel\/\" class=\"\" rel=\"nofollow noopener\" target=\"_blank\">Israel<\/a> blivit alltmer isolerat, och d\u00e4r \u201dfolkmord\u201d och \u201dsv\u00e4lt\u201d allt oftare anv\u00e4nds f\u00f6r att beskriva vad som p\u00e5g\u00e5r i Gaza, efter snart tv\u00e5 \u00e5rs krig d\u00e4r.<\/p>\n<p>Och precis som Israels rykte i omv\u00e4rlden s\u00e4llan varit s\u00e4mre, s\u00e5 har ocks\u00e5 Golani-brigaden sv\u00e4rtats av vad som skett i kriget, som nu senast vid Nasser sjukhuset.<\/p>\n<p>F\u00f6rbandet bildades under de f\u00f6rsta arab-israeliska kriget 1948 d\u00e5 staten Israel f\u00f6ddes. Golani har k\u00e4mpat i alla Israels krig, de deltog \u00e4ven vid den ber\u00f6mda fritagningen av gisslan p\u00e5 flygplatsen i Entebbe 1976.<\/p>\n<p><img loading=\"lazy\"   alt=\"\"\/><\/p>\n<p>En bild ur spelfilmen \u201d7 days in Entebbe\u201d om den israeliska fritagningen av gisslan p\u00e5 flygplatsen i Ugandas huvudstad 1976. Golani-brigaden deltog i r\u00e4den.<\/p>\n<p>Foto: Focus Features \/ Zuma Press \/ TT NYHETSBYR\u00c5N<\/p>\n<p>\u00d6ppna bild i helsk\u00e4rm<\/p>\n<p>Detta krig \u00e4r ju delvis ocks\u00e5 ett gisslandrama, men v\u00e4ldigt f\u00e5 av har fritagits genom kommandor\u00e4der denna g\u00e5ng. Cirka 20 i gisslan tros fortfarande vara vid liv.<\/p>\n<p>Hamas attack den 7 oktober 2023 var Israels m\u00f6rkaste dag med \u00f6ver 1 200 d\u00f6da, den d\u00f6dligaste i landets historia.<\/p>\n<blockquote><p>Kriget i Gaza skapar v\u00e4ldigt f\u00e5 hj\u00e4ltar<\/p><\/blockquote>\n<p>Det blev ocks\u00e5 den svartaste f\u00f6r Golani-brigaden. 72 soldater d\u00e4rifr\u00e5n d\u00f6dades den dagen. Inget f\u00f6rband led h\u00f6gre f\u00f6rluster.<\/p>\n<p>M\u00e5nga av de d\u00f6dades kolleger fick en slags h\u00e4mnd n\u00e4r de redan i november 2023 intog den lokala parlamentsbyggnaden i Gaza City. Soldater d\u00e4rifr\u00e5n poserade ocks\u00e5 vid Hamas polish\u00f6gkvarteret och guvern\u00f6rens residens.<\/p>\n<p>Optimisterna k\u00e4nde d\u00e5 att denna konflikt kanske skulle bli r\u00e4tt kortvarig \u00e4nd\u00e5. S\u00e5 blev det inte.<\/p>\n<p>\u00d6ver 60 000 har nu d\u00f6dats i Gaza. En FN-rapport larmade i f\u00f6rra veckan att sv\u00e4lt nu r\u00e5der.<\/p>\n<p>V\u00e4rlden s\u00e5g Golani-brigaden som hj\u00e4ltar efter \u201dOperation Thunderbolt\u201d, fritagningen av gisslan 1976. Inte nu l\u00e4ngre.<\/p>\n<p>Kriget i Gaza 2025 skapar v\u00e4ldigt f\u00e5 hj\u00e4ltar, desto fler offer. \u00a0Och nu ska Gaza City er\u00f6vras p\u00e5 nytt.<\/p>\n","protected":false},"excerpt":{"rendered":"Mats Larsson Publicerad 27 aug 2025 kl 15.56 Golani-brigaden \u00e4r elitf\u00f6rbandet som slagits i alla Israels krig. F\u00f6r&hellip;\n","protected":false},"author":2,"featured_media":15180,"comment_status":"","ping_status":"","sticky":false,"template":"","format":"standard","meta":{"footnotes":""},"categories":[5],"tags":[22,23,26,27,17,21,24,25,56,58,28,29,15,16,1360,18,34,1492,31,33,32,30,19,60,20],"class_list":{"0":"post-15179","1":"post","2":"type-post","3":"status-publish","4":"format-standard","5":"has-post-thumbnail","7":"category-rubriker","8":"tag-breaking-news","9":"tag-breakingnews","10":"tag-featured-news","11":"tag-featurednews","12":"tag-headlines","13":"tag-huvudnyheter","14":"tag-latest-news","15":"tag-latestnews","16":"tag-location-gaza","17":"tag-location-israel","18":"tag-main-news","19":"tag-mainnews","20":"tag-news","21":"tag-nyheter","22":"tag-person-benjamin-netanyahu","23":"tag-rubriker","24":"tag-se","25":"tag-sections-matslarsson","26":"tag-svenska","27":"tag-sverige","28":"tag-sweden","29":"tag-swedish","30":"tag-top-stories","31":"tag-topic-krig-konflikt","32":"tag-topstories"},"share_on_mastodon":{"url":"","error":""},"_links":{"self":[{"href":"https:\/\/www.europesays.com\/se\/wp-json\/wp\/v2\/posts\/15179","targetHints":{"allow":["GET"]}}],"collection":[{"href":"https:\/\/www.europesays.com\/se\/wp-json\/wp\/v2\/posts"}],"about":[{"href":"https:\/\/www.europesays.com\/se\/wp-json\/wp\/v2\/types\/post"}],"author":[{"embeddable":true,"href":"https:\/\/www.europesays.com\/se\/wp-json\/wp\/v2\/users\/2"}],"replies":[{"embeddable":true,"href":"https:\/\/www.europesays.com\/se\/wp-json\/wp\/v2\/comments?post=15179"}],"version-history":[{"count":0,"href":"https:\/\/www.europesays.com\/se\/wp-json\/wp\/v2\/posts\/15179\/revisions"}],"wp:featuredmedia":[{"embeddable":true,"href":"https:\/\/www.europesays.com\/se\/wp-json\/wp\/v2\/media\/15180"}],"wp:attachment":[{"href":"https:\/\/www.europesays.com\/se\/wp-json\/wp\/v2\/media?parent=15179"}],"wp:term":[{"taxonomy":"category","embeddable":true,"href":"https:\/\/www.europesays.com\/se\/wp-json\/wp\/v2\/categories?post=15179"},{"taxonomy":"post_tag","embeddable":true,"href":"https:\/\/www.europesays.com\/se\/wp-json\/wp\/v2\/tags?post=15179"}],"curies":[{"name":"wp","href":"https:\/\/api.w.org\/{rel}","templated":true}]}}