{"id":1518,"date":"2025-08-11T04:58:12","date_gmt":"2025-08-11T04:58:12","guid":{"rendered":"https:\/\/www.europesays.com\/se\/1518\/"},"modified":"2025-08-11T04:58:12","modified_gmt":"2025-08-11T04:58:12","slug":"professor-varden-borde-valkomna-ozempic","status":"publish","type":"post","link":"https:\/\/www.europesays.com\/se\/1518\/","title":{"rendered":"Professor: V\u00e5rden borde v\u00e4lkomna Ozempic"},"content":{"rendered":"<p>De gamla r\u00e5den om kost, motion och beteendef\u00f6r\u00e4ndringar ger d\u00e5liga resultat, och tidigare mediciner har varit ineffektiva och haft sv\u00e5ra biverkningar \u2013 men med de nya viktl\u00e4kemedlen st\u00e5r vi inf\u00f6r ett paradigmskifte. Det skriver Stephan R\u00f6ssner, professor emeritus och expert p\u00e5 obesitas, p\u00e5 SvD Debatt.<\/p>\n<p>L\u00e4kemedlen \u00e4r h\u00f6geffektiva och har f\u00e5 biverkningar, men \u00e4nd\u00e5 finns en problematisk attityd till att f\u00f6rskriva dem hos delar av l\u00e4kark\u00e5ren, forts\u00e4tter han.<\/p>\n<p>L\u00e4kare anv\u00e4nder ofta bristande, inte s\u00e4llan f\u00f6rdomsfulla argument f\u00f6r att inte skriva ut l\u00e4kemedlen, enligt R\u00f6ssner.<\/p>\n<p>\u201dVi har i Sverige en utbyggd narkomanv\u00e5rd och accepterar att individer med drogproblem och andra missbruksformer har r\u00e4tt till ett professionellt omh\u00e4ndertagande som inte \u00e4r f\u00f6rdomsfullt f\u00e4rgat. Vi \u00e4r l\u00e5ngt ifr\u00e5n motsvarande inst\u00e4llning till obesitasv\u00e5rd!\u201d<\/p>\n<p>Omni \u00e4r politiskt obundna och oberoende. Vi str\u00e4var efter att ge fler perspektiv p\u00e5 nyheterna. Har du fr\u00e5gor eller synpunkter kring v\u00e5r rapportering? <a href=\"https:\/\/omni.se\/professor-varden-borde-valkomna-ozempic\/a\/mailto:redaktion@omni.se\" class=\"ArticleActions_contactLink__W2F1M\" rel=\"nofollow noopener\" target=\"_blank\">Kontakta redaktionen<\/a><\/p>\n","protected":false},"excerpt":{"rendered":"De gamla r\u00e5den om kost, motion och beteendef\u00f6r\u00e4ndringar ger d\u00e5liga resultat, och tidigare mediciner har varit ineffektiva och&hellip;\n","protected":false},"author":2,"featured_media":1519,"comment_status":"","ping_status":"","sticky":false,"template":"","format":"standard","meta":{"footnotes":""},"categories":[69],"tags":[445,113,112,446,444,34,443,31,33,32,30,330],"class_list":{"0":"post-1518","1":"post","2":"type-post","3":"status-publish","4":"format-standard","5":"has-post-thumbnail","7":"category-halsa","8":"tag-debatt","9":"tag-halsa","10":"tag-health","11":"tag-karolinska-institutet","12":"tag-ozempic","13":"tag-se","14":"tag-stephan-rossner","15":"tag-svenska","16":"tag-sverige","17":"tag-sweden","18":"tag-swedish","19":"tag-vard-omsorg"},"share_on_mastodon":{"url":"","error":""},"_links":{"self":[{"href":"https:\/\/www.europesays.com\/se\/wp-json\/wp\/v2\/posts\/1518","targetHints":{"allow":["GET"]}}],"collection":[{"href":"https:\/\/www.europesays.com\/se\/wp-json\/wp\/v2\/posts"}],"about":[{"href":"https:\/\/www.europesays.com\/se\/wp-json\/wp\/v2\/types\/post"}],"author":[{"embeddable":true,"href":"https:\/\/www.europesays.com\/se\/wp-json\/wp\/v2\/users\/2"}],"replies":[{"embeddable":true,"href":"https:\/\/www.europesays.com\/se\/wp-json\/wp\/v2\/comments?post=1518"}],"version-history":[{"count":0,"href":"https:\/\/www.europesays.com\/se\/wp-json\/wp\/v2\/posts\/1518\/revisions"}],"wp:featuredmedia":[{"embeddable":true,"href":"https:\/\/www.europesays.com\/se\/wp-json\/wp\/v2\/media\/1519"}],"wp:attachment":[{"href":"https:\/\/www.europesays.com\/se\/wp-json\/wp\/v2\/media?parent=1518"}],"wp:term":[{"taxonomy":"category","embeddable":true,"href":"https:\/\/www.europesays.com\/se\/wp-json\/wp\/v2\/categories?post=1518"},{"taxonomy":"post_tag","embeddable":true,"href":"https:\/\/www.europesays.com\/se\/wp-json\/wp\/v2\/tags?post=1518"}],"curies":[{"name":"wp","href":"https:\/\/api.w.org\/{rel}","templated":true}]}}