{"id":151829,"date":"2026-01-31T02:29:11","date_gmt":"2026-01-31T02:29:11","guid":{"rendered":"https:\/\/www.europesays.com\/se\/151829\/"},"modified":"2026-01-31T02:29:11","modified_gmt":"2026-01-31T02:29:11","slug":"farligt-om-starmer-gor-affarer-med-kina","status":"publish","type":"post","link":"https:\/\/www.europesays.com\/se\/151829\/","title":{"rendered":"Farligt om Starmer g\u00f6r aff\u00e4rer med Kina"},"content":{"rendered":"<p>Donald Trump \u00e4r inte glad \u00f6ver att USA-allierade Storbritannien f\u00f6rs\u00f6ker att tina upp relationerna med Kina. <\/p>\n<p>\u2013 Det vore v\u00e4ldigt farligt f\u00f6r dem att g\u00f6ra aff\u00e4rer med Kina, var Trumps kommentar n\u00e4r han fick fr\u00e5gan av reportrar i samband med premi\u00e4rvisningen av dokument\u00e4rfilmen \u201dMelania\u201d p\u00e5 torsdagen. <\/p>\n<p>Keir Starmer \u00e4r just nu p\u00e5 statsbes\u00f6k i Peking f\u00f6r att bland annat m\u00f6ta president Xi Jinping och hittills har flera samarbetsavtal och avsiktsf\u00f6rklaringar undertecknats av l\u00e4nderna. <\/p>\n<p>Bland annat har Kina g\u00e5tt med p\u00e5 att halvera sina importtullar p\u00e5 brittisk whisky till 5 procent och till\u00e5tit brittiska medborgare att resa visumfritt till Kina under en m\u00e5nads tid. <\/p>\n<p>Omni \u00e4r politiskt obundna och oberoende. Vi str\u00e4var efter att ge fler perspektiv p\u00e5 nyheterna. Har du fr\u00e5gor eller synpunkter kring v\u00e5r rapportering? <a href=\"https:\/\/omni.se\/trump-farligt-om-starmer-gor-affarer-med-kina\/a\/mailto:redaktion@omni.se\" class=\"ArticleActions_contactLink__W2F1M\" rel=\"nofollow noopener\" target=\"_blank\">Kontakta redaktionen<\/a><\/p>\n","protected":false},"excerpt":{"rendered":"Donald Trump \u00e4r inte glad \u00f6ver att USA-allierade Storbritannien f\u00f6rs\u00f6ker att tina upp relationerna med Kina. \u2013 Det&hellip;\n","protected":false},"author":2,"featured_media":151830,"comment_status":"","ping_status":"","sticky":false,"template":"","format":"standard","meta":{"footnotes":"","_share_on_mastodon":"0"},"categories":[65],"tags":[420,72,385,70,71,267,1108,259,549,34,593,31,33,32,30,2223],"class_list":["post-151829","post","type-post","status-publish","format-standard","has-post-thumbnail","category-ekonomi","tag-asien","tag-business","tag-donald-trump","tag-economy","tag-ekonomi","tag-europa","tag-internationell-handel","tag-keir-starmer","tag-kina","tag-se","tag-storbritannien","tag-svenska","tag-sverige","tag-sweden","tag-swedish","tag-xi-jinping"],"share_on_mastodon":{"url":"https:\/\/pubeurope.com\/@se\/115987360136149531","error":""},"_links":{"self":[{"href":"https:\/\/www.europesays.com\/se\/wp-json\/wp\/v2\/posts\/151829","targetHints":{"allow":["GET"]}}],"collection":[{"href":"https:\/\/www.europesays.com\/se\/wp-json\/wp\/v2\/posts"}],"about":[{"href":"https:\/\/www.europesays.com\/se\/wp-json\/wp\/v2\/types\/post"}],"author":[{"embeddable":true,"href":"https:\/\/www.europesays.com\/se\/wp-json\/wp\/v2\/users\/2"}],"replies":[{"embeddable":true,"href":"https:\/\/www.europesays.com\/se\/wp-json\/wp\/v2\/comments?post=151829"}],"version-history":[{"count":0,"href":"https:\/\/www.europesays.com\/se\/wp-json\/wp\/v2\/posts\/151829\/revisions"}],"wp:featuredmedia":[{"embeddable":true,"href":"https:\/\/www.europesays.com\/se\/wp-json\/wp\/v2\/media\/151830"}],"wp:attachment":[{"href":"https:\/\/www.europesays.com\/se\/wp-json\/wp\/v2\/media?parent=151829"}],"wp:term":[{"taxonomy":"category","embeddable":true,"href":"https:\/\/www.europesays.com\/se\/wp-json\/wp\/v2\/categories?post=151829"},{"taxonomy":"post_tag","embeddable":true,"href":"https:\/\/www.europesays.com\/se\/wp-json\/wp\/v2\/tags?post=151829"}],"curies":[{"name":"wp","href":"https:\/\/api.w.org\/{rel}","templated":true}]}}