{"id":15195,"date":"2025-08-27T17:25:16","date_gmt":"2025-08-27T17:25:16","guid":{"rendered":"https:\/\/www.europesays.com\/se\/15195\/"},"modified":"2025-08-27T17:25:16","modified_gmt":"2025-08-27T17:25:16","slug":"shl-startar-samarbete-med-red-bull-sa-forandras-ligan","status":"publish","type":"post","link":"https:\/\/www.europesays.com\/se\/15195\/","title":{"rendered":"SHL startar samarbete med Red Bull \u2013 s\u00e5 f\u00f6r\u00e4ndras ligan"},"content":{"rendered":"<p>Publicerad 27 aug 2025 kl 18.13Uppdaterad kl 18.23<\/p>\n<p>Red Bull har f\u00e5tt kritik f\u00f6r sin roll inom idrotten.<\/p>\n<p>Nu \u00e4r energidrycksf\u00f6retaget ny sponsor till SHL.<\/p>\n<p>\u2013 Vi tror att vi kommer kunna ha ett bra utbyte med Red Bull givet vilka styrkor vi och de har, s\u00e4ger SHL:s vd Jenny Silfverstrand.<\/p>\n<p><img   alt=\"\"\/>\u00d6ppna bild i helsk\u00e4rm<\/p>\n<p>Red Bull har i m\u00e5nga \u00e5r b\u00e5de sponsrat och \u00e4gt organisationer runtom i idrottsv\u00e4rlden. Formel 1, d\u00e4r f\u00f6retaget \u00e4ger ett stall sedan 2004, och fotbollen, d\u00e4r man numera styr flera klubbar, \u00e4r bara tv\u00e5 sporter som deras logga \u00e4r starkt f\u00f6rknippad med.\u00a0<\/p>\n<p>Nu till h\u00f6sten tar samma varum\u00e4rke klivet in i ishockeyn, n\u00e4rmare best\u00e4mt <a href=\"https:\/\/www.expressen.se\/tagg\/organization\/shl\/\" class=\"\" rel=\"nofollow noopener\" target=\"_blank\">SHL<\/a>.<\/p>\n<p>Ett sponsoravtal \u00f6ver tv\u00e5 s\u00e4songer har tecknats med ligan.\u00a0<\/p>\n<p>\u2013 Vi har f\u00f6rt en dialog som b\u00f6rjade under f\u00f6rra s\u00e4songen, ber\u00e4ttar Jenny Silfverstrand.<\/p>\n<p><strong>Vilka synpunkter har klubbarna haft?<\/strong><\/p>\n<p>\u2013 Det har fr\u00e4mst varit tummen upp. Vi ville bara s\u00e4kra att vi inte krockade med andra samarbeten som funnits.\u00a0<\/p>\n<p><strong>Andra energidrycksf\u00f6retag?<\/strong><\/p>\n<p>\u2013 Ja, som inte kommer synas i SHL-sammanhang fram\u00f6ver.<\/p>\n<p><img loading=\"lazy\"   alt=\"\"\/><\/p>\n<p>Red Bull sponsrar flera idrottslag, d\u00e4ribland ett cykel.<\/p>\n<p>Foto: REVIERFOTO \/ STELLA PICTURES\/DDP IMAGES DDP<\/p>\n<p>\u00d6ppna bild i helsk\u00e4rm<\/p>\n<p><strong>Red Bull \u00e4r k\u00e4nt exempelvis f\u00f6r sitt multiklubbs\u00e4gande i fotbollen, hur rimmar det att SHL som \u00e4r en frist\u00e5ende liga \u00e4gt av sina medlemmar samarbetar med ett s\u00e5nt f\u00f6retag?<\/strong><\/p>\n<p>\u2013 Det \u00e4r olika idrottskulturer i olika l\u00e4nder, vi har inte en s\u00e5n set up att man g\u00e5r in och \u00e4ger lag. Den typen av samarbeten som Red Bull har i andra l\u00e4nder g\u00e5r inte att genomf\u00f6ra i Sverige och har aldrig varit ett diskussions\u00e4mne.\u00a0<\/p>\n<p>\u2013 Vi har givetvis lyft dessa fr\u00e5gor som funnits med klubbarna och med tanke p\u00e5 att vi \u00e4r en liga med en annan struktur \u00e4n andra sporter och ligor, s\u00e5 tror vi att vi kan ha ett bra utbyte mellan varandra.\u00a0<\/p>\n<p>S\u00e5 m\u00e4rks samarbetet i klubbarna<\/p>\n<p>Energidrycksbolaget kommer till en b\u00f6rjan att synas p\u00e5 flaskor, handdukar och annat material som SHL-klubbarna anv\u00e4nder till vardags. Jenny Silfverstrand vill inte g\u00e5 in p\u00e5 n\u00e5gra summor \u00f6ver hur mycket avtalet \u00e4r v\u00e4rt, men s\u00e4ger sig vara bel\u00e5ten med vad SHL f\u00e5r ut av partnerskapet.\u00a0<\/p>\n<p>\u2013 Givet det vi ser framf\u00f6r oss i samarbetet \u00e4r vi n\u00f6jda. Vi tror att vi kommer kunna ha ett bra utbyte med Red Bull givet vilka styrkor vi och de har.\u00a0<\/p>\n<p><strong>Hur kommer int\u00e4kterna fr\u00e5n avtalet att f\u00f6rdelas mellan klubbarna?<\/strong><\/p>\n<p>\u2013 Vi jobbar utifr\u00e5n v\u00e5r 14-delsprincip, d\u00e4r det delas p\u00e5 alla v\u00e5ra int\u00e4kter och utgifter.<\/p>\n<p><img loading=\"lazy\"   alt=\"\"\/><\/p>\n<p>SHL:s vd Jenny Silfverstrand.<\/p>\n<p>Foto: JONAS LJUNGDAHL \/ BILDBYR\u00c5N<\/p>\n<p>\u00d6ppna bild i helsk\u00e4rm<\/p>\n<p>Det har inte varit p\u00e5 tal om att Red Bull ska pryda klubbarnas tr\u00f6jor eller isytor, enligt Silfverstrand.<\/p>\n<p>\u00a0\u2013 Klubbarnas tr\u00f6jor \u00e4ger inte vi, den r\u00e4ttigheten \u00e4r ett klubbeslut. Det har inte funnits n\u00e5gon diskussion om isen. Samarbetet handlar fr\u00e4mst om att skapa bra, relevant inneh\u00e5ll.<\/p>\n<p><strong>Som vad\u00e5?<\/strong><\/p>\n<p>\u2013 Det kan vara en viss synlighet p\u00e5 mediakuben p\u00e5 vissa matcher. Det kommer m\u00e4rkas i v\u00e5r kommunikation ocks\u00e5, d\u00e4r kommer Red Bull synas. Vi kommer \u00e4ven synas i deras kommunikation, d\u00e4r de \u00e4r starka p\u00e5 att skapa inneh\u00e5ll och aktiveringar.<\/p>\n","protected":false},"excerpt":{"rendered":"Publicerad 27 aug 2025 kl 18.13Uppdaterad kl 18.23 Red Bull har f\u00e5tt kritik f\u00f6r sin roll inom idrotten.&hellip;\n","protected":false},"author":2,"featured_media":15196,"comment_status":"","ping_status":"","sticky":false,"template":"","format":"standard","meta":{"footnotes":""},"categories":[68],"tags":[1958,1179,34,255,823,111,110,31,33,32,30],"class_list":{"0":"post-15195","1":"post","2":"type-post","3":"status-publish","4":"format-standard","5":"has-post-thumbnail","7":"category-sport","8":"tag-organization-red-bull","9":"tag-organization-shl","10":"tag-se","11":"tag-sections-ishockey","12":"tag-sections-shl","13":"tag-sport","14":"tag-sports","15":"tag-svenska","16":"tag-sverige","17":"tag-sweden","18":"tag-swedish"},"share_on_mastodon":{"url":"","error":""},"_links":{"self":[{"href":"https:\/\/www.europesays.com\/se\/wp-json\/wp\/v2\/posts\/15195","targetHints":{"allow":["GET"]}}],"collection":[{"href":"https:\/\/www.europesays.com\/se\/wp-json\/wp\/v2\/posts"}],"about":[{"href":"https:\/\/www.europesays.com\/se\/wp-json\/wp\/v2\/types\/post"}],"author":[{"embeddable":true,"href":"https:\/\/www.europesays.com\/se\/wp-json\/wp\/v2\/users\/2"}],"replies":[{"embeddable":true,"href":"https:\/\/www.europesays.com\/se\/wp-json\/wp\/v2\/comments?post=15195"}],"version-history":[{"count":0,"href":"https:\/\/www.europesays.com\/se\/wp-json\/wp\/v2\/posts\/15195\/revisions"}],"wp:featuredmedia":[{"embeddable":true,"href":"https:\/\/www.europesays.com\/se\/wp-json\/wp\/v2\/media\/15196"}],"wp:attachment":[{"href":"https:\/\/www.europesays.com\/se\/wp-json\/wp\/v2\/media?parent=15195"}],"wp:term":[{"taxonomy":"category","embeddable":true,"href":"https:\/\/www.europesays.com\/se\/wp-json\/wp\/v2\/categories?post=15195"},{"taxonomy":"post_tag","embeddable":true,"href":"https:\/\/www.europesays.com\/se\/wp-json\/wp\/v2\/tags?post=15195"}],"curies":[{"name":"wp","href":"https:\/\/api.w.org\/{rel}","templated":true}]}}