{"id":151967,"date":"2026-01-31T09:06:10","date_gmt":"2026-01-31T09:06:10","guid":{"rendered":"https:\/\/www.europesays.com\/se\/151967\/"},"modified":"2026-01-31T09:06:10","modified_gmt":"2026-01-31T09:06:10","slug":"markstrom-totalsagas-i-finland-infor-os-storsta-floppen-os","status":"publish","type":"post","link":"https:\/\/www.europesays.com\/se\/151967\/","title":{"rendered":"Markstr\u00f6m totals\u00e5gas i Finland inf\u00f6r OS: \u201dSt\u00f6rsta floppen\u201d | OS"},"content":{"rendered":"<p>Publicerad 31 jan 2026 kl 09.27Uppdaterad kl 10.01<\/p>\n<p>Vem ska bli Tre Kronors f\u00f6rstem\u00e5lvakt p\u00e5 OS?<\/p>\n<p>Inte Jacob Markstr\u00f6m, om man fr\u00e5gar de finska experterna.<\/p>\n<p>\u201dDen svenska superstj\u00e4rnan har kollapsat p\u00e5 ett chockerande s\u00e4tt\u201d, skriver Ilta-Sanomat.<\/p>\n<p>P\u00e5 den svenske stj\u00e4rnans f\u00f6delsedag.<\/p>\n<p><img   alt=\"\"\/> <\/p>\n<p>Foto: EMMA WALLSKOG \/ BILDBYR\u00c5N<\/p>\n<p>\u00d6ppna bild i helsk\u00e4rm<\/p>\n<p>Jacob Markstr\u00f6m, 36, \u00e4r en av tre m\u00e5lvakter i <a href=\"https:\/\/www.expressen.se\/tagg\/organization\/tre-kronor\/\" class=\"\" rel=\"nofollow noopener\" target=\"_blank\">Tre Kronors<\/a> OS-trupp.<\/p>\n<p>Han har h\u00e5rd konkurrens fr\u00e5n Filip Gustavsson och Jesper Wallstedt.<\/p>\n<p>I Finland \u00e4r man \u00e5tminstone s\u00e4ker p\u00e5 vem som inte ska vara f\u00f6rstaspade.<\/p>\n<p>I tidningen Ilta-Sanomats NHL-analys totals\u00e5gas Jacob Markstr\u00f6m. Rubriken \u00e4r inte n\u00e5dig mot den svenske New Jersey Devils-stj\u00e4rnan:<\/p>\n<p>\u201dDen svenska superstj\u00e4rnan har kollapsat p\u00e5 ett chockerande s\u00e4tt \u2013 hela lagets s\u00e4song \u00e4r f\u00f6rst\u00f6rd.\u201d<\/p>\n<p>Och faktum \u00e4r att den finska tidningen lyckats publicera s\u00e5gningen p\u00e5 Markstr\u00f6ms sj\u00e4lvaste f\u00f6delsedag. Han fyller 36 p\u00e5 l\u00f6rdagen.<\/p>\n<p>H\u00e4ngs ut p\u00e5 f\u00f6delsedagen: \u201dDen st\u00f6rsta floppen\u201d<\/p>\n<p>I sj\u00e4lva analysen forts\u00e4tter sedan kritiken:<\/p>\n<p>\u201dNew Jersey Devils s\u00e4song har varit en total katastrof. Laget har m\u00e5nga spelare som presterat under f\u00f6rv\u00e4ntan, men den st\u00f6rsta floppen har varit den svenske m\u00e5lvakten Jacob Markstr\u00f6m. Han har varit en av de s\u00e4msta m\u00e5lvakterna i hela NHL-s\u00e4songen, m\u00e4tt med b\u00e5de traditionella och avancerade statistikm\u00e5tt.\u201d<\/p>\n<p>New Jersey Devils ligger p\u00e5 en sj\u00e4tteplats, tredje sist, i sin division av NHL:s \u00f6stra konferens.<\/p>\n<p>Jacob Markstr\u00f6m har tidigare i karri\u00e4ren vunnit ett VM-guld och tv\u00e5 VM-brons med Sverige.<\/p>\n<p>Tre Kronor inleder OS-gruppspelet mot Italien den 11 februari.\u00a0<\/p>\n","protected":false},"excerpt":{"rendered":"Publicerad 31 jan 2026 kl 09.27Uppdaterad kl 10.01 Vem ska bli Tre Kronors f\u00f6rstem\u00e5lvakt p\u00e5 OS? Inte Jacob&hellip;\n","protected":false},"author":2,"featured_media":151968,"comment_status":"","ping_status":"","sticky":false,"template":"","format":"standard","meta":{"footnotes":""},"categories":[68],"tags":[14393,1169,6335,34,12567,111,110,31,33,32,30],"class_list":{"0":"post-151967","1":"post","2":"type-post","3":"status-publish","4":"format-standard","5":"has-post-thumbnail","7":"category-sport","8":"tag-organization-hockey-i-os","9":"tag-organization-tre-kronor","10":"tag-person-jacob-markstrom","11":"tag-se","12":"tag-sections-os","13":"tag-sport","14":"tag-sports","15":"tag-svenska","16":"tag-sverige","17":"tag-sweden","18":"tag-swedish"},"share_on_mastodon":{"url":"https:\/\/pubeurope.com\/@se\/115988921240512879","error":""},"_links":{"self":[{"href":"https:\/\/www.europesays.com\/se\/wp-json\/wp\/v2\/posts\/151967","targetHints":{"allow":["GET"]}}],"collection":[{"href":"https:\/\/www.europesays.com\/se\/wp-json\/wp\/v2\/posts"}],"about":[{"href":"https:\/\/www.europesays.com\/se\/wp-json\/wp\/v2\/types\/post"}],"author":[{"embeddable":true,"href":"https:\/\/www.europesays.com\/se\/wp-json\/wp\/v2\/users\/2"}],"replies":[{"embeddable":true,"href":"https:\/\/www.europesays.com\/se\/wp-json\/wp\/v2\/comments?post=151967"}],"version-history":[{"count":0,"href":"https:\/\/www.europesays.com\/se\/wp-json\/wp\/v2\/posts\/151967\/revisions"}],"wp:featuredmedia":[{"embeddable":true,"href":"https:\/\/www.europesays.com\/se\/wp-json\/wp\/v2\/media\/151968"}],"wp:attachment":[{"href":"https:\/\/www.europesays.com\/se\/wp-json\/wp\/v2\/media?parent=151967"}],"wp:term":[{"taxonomy":"category","embeddable":true,"href":"https:\/\/www.europesays.com\/se\/wp-json\/wp\/v2\/categories?post=151967"},{"taxonomy":"post_tag","embeddable":true,"href":"https:\/\/www.europesays.com\/se\/wp-json\/wp\/v2\/tags?post=151967"}],"curies":[{"name":"wp","href":"https:\/\/api.w.org\/{rel}","templated":true}]}}