{"id":15200,"date":"2025-08-27T17:33:08","date_gmt":"2025-08-27T17:33:08","guid":{"rendered":"https:\/\/www.europesays.com\/se\/15200\/"},"modified":"2025-08-27T17:33:08","modified_gmt":"2025-08-27T17:33:08","slug":"anel-avdic-svarar-om-silly-season-las-hela-chatten-har-allsvenskan","status":"publish","type":"post","link":"https:\/\/www.europesays.com\/se\/15200\/","title":{"rendered":"Anel Avdic svarar om silly season: L\u00e4s hela chatten h\u00e4r | Allsvenskan"},"content":{"rendered":"<p>Publicerad 27 aug 2025 kl 16.45Uppdaterad kl 17.49<\/p>\n<p>PremiumDet allsvenska transferf\u00f6nstret g\u00e5r mot sitt slut.\u00a0<\/p>\n<p>Vilka lag kommer att v\u00e4rva, och vilka spelare kan l\u00e4mna allsvenskan?\u00a0<\/p>\n<p>Det gav Expressens Anel Avdic svar p\u00e5 n\u00e4r han chattade med l\u00e4sarna.<\/p>\n<p>H\u00e4r kan du se alla fr\u00e5gor och svar i efterhand.\u00a0<\/p>\n<p> Svaret om Djurg\u00e5rden: \u201dKommer att agera\u201d<\/p>\n<p> Beskedet om Hellbergs framtid i Hammarby.\u00a0<\/p>\n<p>\u2713 AIK jagar anfallare \u2013 h\u00f6jer budet innan deadline.\u00a0<\/p>\n<p> Prislappen p\u00e5 MFF-stj\u00e4rnan.\u00a0<\/p>\n<p><img   alt=\"\"\/><\/p>\n<p>Tobias Gulliksen och August Priske.<\/p>\n<p>Foto: JONATHAN N\u00c4CKSTRAND \/ BILDBYR\u00c5N<\/p>\n<p>\u00d6ppna bild i helsk\u00e4rm<\/p>\n","protected":false},"excerpt":{"rendered":"Publicerad 27 aug 2025 kl 16.45Uppdaterad kl 17.49 PremiumDet allsvenska transferf\u00f6nstret g\u00e5r mot sitt slut.\u00a0 Vilka lag kommer&hellip;\n","protected":false},"author":2,"featured_media":15201,"comment_status":"","ping_status":"","sticky":false,"template":"","format":"standard","meta":{"footnotes":""},"categories":[68],"tags":[103,34,130,129,111,110,31,33,32,30],"class_list":{"0":"post-15200","1":"post","2":"type-post","3":"status-publish","4":"format-standard","5":"has-post-thumbnail","7":"category-sport","8":"tag-premium","9":"tag-se","10":"tag-sections-allsvenskan","11":"tag-sections-fotboll","12":"tag-sport","13":"tag-sports","14":"tag-svenska","15":"tag-sverige","16":"tag-sweden","17":"tag-swedish"},"share_on_mastodon":{"url":"","error":""},"_links":{"self":[{"href":"https:\/\/www.europesays.com\/se\/wp-json\/wp\/v2\/posts\/15200","targetHints":{"allow":["GET"]}}],"collection":[{"href":"https:\/\/www.europesays.com\/se\/wp-json\/wp\/v2\/posts"}],"about":[{"href":"https:\/\/www.europesays.com\/se\/wp-json\/wp\/v2\/types\/post"}],"author":[{"embeddable":true,"href":"https:\/\/www.europesays.com\/se\/wp-json\/wp\/v2\/users\/2"}],"replies":[{"embeddable":true,"href":"https:\/\/www.europesays.com\/se\/wp-json\/wp\/v2\/comments?post=15200"}],"version-history":[{"count":0,"href":"https:\/\/www.europesays.com\/se\/wp-json\/wp\/v2\/posts\/15200\/revisions"}],"wp:featuredmedia":[{"embeddable":true,"href":"https:\/\/www.europesays.com\/se\/wp-json\/wp\/v2\/media\/15201"}],"wp:attachment":[{"href":"https:\/\/www.europesays.com\/se\/wp-json\/wp\/v2\/media?parent=15200"}],"wp:term":[{"taxonomy":"category","embeddable":true,"href":"https:\/\/www.europesays.com\/se\/wp-json\/wp\/v2\/categories?post=15200"},{"taxonomy":"post_tag","embeddable":true,"href":"https:\/\/www.europesays.com\/se\/wp-json\/wp\/v2\/tags?post=15200"}],"curies":[{"name":"wp","href":"https:\/\/api.w.org\/{rel}","templated":true}]}}