{"id":15208,"date":"2025-08-27T17:42:07","date_gmt":"2025-08-27T17:42:07","guid":{"rendered":"https:\/\/www.europesays.com\/se\/15208\/"},"modified":"2025-08-27T17:42:07","modified_gmt":"2025-08-27T17:42:07","slug":"lisa-nilssons-blunderfick-foljarna-att-reagera","status":"publish","type":"post","link":"https:\/\/www.europesays.com\/se\/15208\/","title":{"rendered":"Lisa Nilssons blunder\nfick f\u00f6ljarna att reagera"},"content":{"rendered":"<p>Publicerad 27 aug 2025 kl 19.28<\/p>\n<p>Efter spelningen vid Storforsen skrev Lisa Nilsson p\u00e5 Instagram:<\/p>\n<p>\u201dUnderbart konsertdygn vid Storforsen i Lule\u00e5.\u201d<\/p>\n<p>Det finns bara ett problem&#8230;<\/p>\n<p><img   alt=\"\"\/><\/p>\n<p>Lisa Nilsson.<\/p>\n<p>Foto: ANGELA KOTSELL \/ SPA<\/p>\n<p>\u00d6ppna bild i helsk\u00e4rm<\/p>\n<p>Storforsen ligger n\u00e4mligen i \u00c4lvsbyn, som \u00e4r tio mil fr\u00e5n Lule\u00e5. Och det fick lokalbor att reagera i kommentarsf\u00e4ltet.<\/p>\n<p>\u201dStorforsen i Lule\u00e5???\u201d undrade till exempel en.<\/p>\n<p>Efter att <a href=\"https:\/\/www.kuriren.nu\/kultur\/noje\/artikel\/lisa-nilsson-trodde-hon-var-i-lulea-fansen-reagerar\/rmp9n58r\" rel=\"nofollow noopener\" target=\"_blank\">Norrbottens-Kuriren<\/a> kontaktat <a href=\"https:\/\/www.expressen.se\/tagg\/person\/lisa-nilsson\/\" class=\"\" rel=\"nofollow noopener\" target=\"_blank\">Lisa Nilsson<\/a> \u00e4ndrade hon till r\u00e4tt ort.<\/p>\n<p>\u201dJag k\u00f6rde nattresa hem med egen bil efter konsert i Motala dagen innan, fick tre timmars s\u00f6mn innan jag for vidare med morgonflyg till Lule\u00e5. Vi bodde \u00e4ven p\u00e5 hotell i Lule\u00e5. S\u00e5 n\u00e4r inl\u00e4gget skrevs var mitt hj\u00e4rntr\u00f6tta fokus Lule\u00e5 d\u00e4r jag d\u00e5 befann mig\u201d, skriver hon i en kommentar till tidningen.<\/p>\n","protected":false},"excerpt":{"rendered":"Publicerad 27 aug 2025 kl 19.28 Efter spelningen vid Storforsen skrev Lisa Nilsson p\u00e5 Instagram: \u201dUnderbart konsertdygn vid&hellip;\n","protected":false},"author":2,"featured_media":15209,"comment_status":"","ping_status":"","sticky":false,"template":"","format":"standard","meta":{"footnotes":""},"categories":[67],"tags":[104,425,1040,34,31,33,32,30,402,310,105],"class_list":{"0":"post-15208","1":"post","2":"type-post","3":"status-publish","4":"format-standard","5":"has-post-thumbnail","7":"category-underhallning","8":"tag-entertainment","9":"tag-organization-instagram","10":"tag-person-lisa-nilsson","11":"tag-se","12":"tag-svenska","13":"tag-sverige","14":"tag-sweden","15":"tag-swedish","16":"tag-topic-artister","17":"tag-topic-kandisar","18":"tag-underhallning"},"share_on_mastodon":{"url":"","error":""},"_links":{"self":[{"href":"https:\/\/www.europesays.com\/se\/wp-json\/wp\/v2\/posts\/15208","targetHints":{"allow":["GET"]}}],"collection":[{"href":"https:\/\/www.europesays.com\/se\/wp-json\/wp\/v2\/posts"}],"about":[{"href":"https:\/\/www.europesays.com\/se\/wp-json\/wp\/v2\/types\/post"}],"author":[{"embeddable":true,"href":"https:\/\/www.europesays.com\/se\/wp-json\/wp\/v2\/users\/2"}],"replies":[{"embeddable":true,"href":"https:\/\/www.europesays.com\/se\/wp-json\/wp\/v2\/comments?post=15208"}],"version-history":[{"count":0,"href":"https:\/\/www.europesays.com\/se\/wp-json\/wp\/v2\/posts\/15208\/revisions"}],"wp:featuredmedia":[{"embeddable":true,"href":"https:\/\/www.europesays.com\/se\/wp-json\/wp\/v2\/media\/15209"}],"wp:attachment":[{"href":"https:\/\/www.europesays.com\/se\/wp-json\/wp\/v2\/media?parent=15208"}],"wp:term":[{"taxonomy":"category","embeddable":true,"href":"https:\/\/www.europesays.com\/se\/wp-json\/wp\/v2\/categories?post=15208"},{"taxonomy":"post_tag","embeddable":true,"href":"https:\/\/www.europesays.com\/se\/wp-json\/wp\/v2\/tags?post=15208"}],"curies":[{"name":"wp","href":"https:\/\/api.w.org\/{rel}","templated":true}]}}