{"id":1525,"date":"2025-08-11T05:08:07","date_gmt":"2025-08-11T05:08:07","guid":{"rendered":"https:\/\/www.europesays.com\/se\/1525\/"},"modified":"2025-08-11T05:08:07","modified_gmt":"2025-08-11T05:08:07","slug":"hanna-hedlunds-onskansol-och-snygga-man","status":"publish","type":"post","link":"https:\/\/www.europesays.com\/se\/1525\/","title":{"rendered":"Hanna Hedlunds \u00f6nskan:\n\u201dSol och snygga m\u00e4n\u201d"},"content":{"rendered":"<p>Publicerad 11 aug 2025 kl 06.28<\/p>\n<p>Ett \u00f6verraskningsbr\u00f6llop \u2013 det kan v\u00e4nta f\u00f6r Lina Hedlund efter Nassim al Fakirs storslagna frieri i SVT:s direkts\u00e4ndning.<\/p>\n<p>Samtidigt njuter systern Hanna av singellivet.<\/p>\n<p>\u2013 \u201dSol och snygga m\u00e4n\u201d. Det \u00e4r det jag \u00f6nskar mig i sommar, s\u00e4ger Hanna.<\/p>\n<p><img   alt=\"\"\/><\/p>\n<p>I sommar kan man se b\u00e5da systrarna Lina och Hanna Hedlund i \u201dAlls\u00e5ng p\u00e5 Skansen\u201d.<\/p>\n<p>Foto: Karin T\u00f6rnblom\/TT \/ TT NYHETSBYR\u00c5N<\/p>\n<p><img loading=\"lazy\"   alt=\"\"\/><\/p>\n<p>Blir det ett \u00f6verraskningsbr\u00f6llop f\u00f6r Lina Hedlund och Nassim al Fakir snart?<\/p>\n<p>Foto: KARIN T\u00d6RNBLOM \/ IBL<\/p>\n<p><img loading=\"lazy\"   alt=\"\"\/><\/p>\n<p>Hanna Hedlund \u00f6nskar sig \u201dsol och snygga m\u00e4n\u201d, s\u00e4ger hon sk\u00e4mtsamt.<\/p>\n<p>Foto: CORNELIA NORDSTR\u00d6M<\/p>\n<p><img loading=\"lazy\"   alt=\"\"\/><\/p>\n<p>Systrarna Lina och Hanna Hedlund.<\/p>\n<p>Foto: KARIN T\u00d6RNBLOM \/ IBL<\/p>\n<p>Systrarna Lina, 47, och Hanna Hedlund, 50, figurerar b\u00e5da i \u201d<a href=\"https:\/\/www.expressen.se\/tagg\/organization\/allsang-pa-skansen\/\" class=\"\" rel=\"nofollow noopener\" target=\"_blank\">Alls\u00e5ng p\u00e5 Skansen<\/a>\u201d i sommar men p\u00e5 olika datum. Sist ut \u00e4r Hanna Hedlund som upptr\u00e4der i finalprogrammet nu p\u00e5 tisdag.<\/p>\n<p>Systrarna har dock en egen alls\u00e5ng ihop i H\u00e4lsingland d\u00e4r de kommer i fr\u00e5n, \u201dLattas d\u00f6ttrar\u201d till \u00e4ra av deras pappa som hette Latta.\u00a0<\/p>\n<p>\u2013 Det \u00e4r verkligen en h\u00f6jdpunkt p\u00e5 \u00e5ret att f\u00e5 komma hem och g\u00f6ra det, s\u00e4ger Lina.<\/p>\n<p>Systrarnas sommarplaner<\/p>\n<p>F\u00f6r Expressen ber\u00e4ttar de om sommarplanerna som innefattar mycket tid hemma i H\u00e4lsingland f\u00f6r dem b\u00e5da.<\/p>\n<p>\u2013 Jag sl\u00e4pper en ny l\u00e5t, \u201dSol och snygga m\u00e4n\u201d Jag \u00e4r s\u00e5 peppad p\u00e5 den. Och sen blir det mycket H\u00e4lsingland, lite jobb och lite Stockholm. Och hoppas att vi ska vara tillsammans. Och ha lite sl\u00e4kttr\u00e4ffar i H\u00e4lsingland, s\u00e4ger Lina Hedlund.<\/p>\n<p>\u2013 Och jag ska verkligen tr\u00e4na p\u00e5 att vara hemma. Jag \u00e4r s\u00e5 bra p\u00e5 att sticka j\u00e4mnt n\u00e4r jag \u00e4r ledig. Men jag ska tr\u00e4na p\u00e5 att vara ledig och hemma, s\u00e4ger Hanna Hedlund.<\/p>\n<p>Br\u00f6llopsplanerna efter frieriet i live-tv<\/p>\n<p>Det kan \u00e4ven bli ett \u00f6verraskningsbr\u00f6llop.<\/p>\n<p>Lina Hedlund och f\u00e4stmannen Nassim al Fakir, 48, har fortfarande inte gift sig efter att Nassim gick ned p\u00e5 kn\u00e4 och <a href=\"https:\/\/www.expressen.se\/noje\/nassim-al-fakirs-osannolika-frieri-till-lina-hedlund-i-direktsandning\/\" rel=\"nofollow noopener\" target=\"_blank\">friade i direkts\u00e4ndning i SVT:s<\/a> \u201dSweden International Horse Show\u201d 2018.<\/p>\n<p><img loading=\"lazy\"   alt=\"\"\/><\/p>\n<p>Nassim al Fakir g\u00e5r ner p\u00e5 kn\u00e4 i SVT:s direkts\u00e4ndning.<\/p>\n<p>Foto: ROBERT EKLUND \/ STELLA PICTURES<\/p>\n<p><img loading=\"lazy\"   alt=\"\"\/><\/p>\n<p>Lina Hedlund hoppar upp i Nassims famn efter\u00e5t.<\/p>\n<p>Foto: ROBERT EKLUND \/ STELLA PICTURES<\/p>\n<p><img loading=\"lazy\"   alt=\"\"\/><\/p>\n<p>Det nyf\u00f6rlovade paret.<\/p>\n<p>Foto: ROBERT EKLUND \/ STELLA PICTURES<\/p>\n<p>\u2013 Det \u00e4r sju \u00e5r sen. Man brukar s\u00e4ga att man \u00e4r f\u00f6rlovad i tio \u00e5r, sen gifter man sig. Vi la till en nolla d\u00e4r, sk\u00e4mtar Lina Hedlund.<\/p>\n<p>Eftersom frieriet fick s\u00e5 stor uppm\u00e4rksamhet har Lina Hedlund ingenting emot om br\u00f6llopet \u201dbara blir av\u201d, ber\u00e4ttar hon.<\/p>\n<p>\u2013 Ett \u00f6verraskningsbr\u00f6llop. Jag styr upp det, s\u00e4ger systern sk\u00e4mtsamt.<\/p>\n<p>F\u00f6r Hanna Hedlund spirar singellivet.<\/p>\n<p>\u2013 Jag njuter av att vara singel. Jag tycker att livet \u00e4r v\u00e4ldigt kul. Jag kanske kidnappar Linas l\u00e5t \u201dSol och snygga m\u00e4n\u201d. Det \u00e4r det jag \u00f6nskar mig i sommar, s\u00e4ger Hanna.<\/p>\n","protected":false},"excerpt":{"rendered":"Publicerad 11 aug 2025 kl 06.28 Ett \u00f6verraskningsbr\u00f6llop \u2013 det kan v\u00e4nta f\u00f6r Lina Hedlund efter Nassim al&hellip;\n","protected":false},"author":2,"featured_media":1526,"comment_status":"","ping_status":"","sticky":false,"template":"","format":"standard","meta":{"footnotes":""},"categories":[67],"tags":[104,360,361,448,447,34,31,33,32,30,401,105],"class_list":{"0":"post-1525","1":"post","2":"type-post","3":"status-publish","4":"format-standard","5":"has-post-thumbnail","7":"category-underhallning","8":"tag-entertainment","9":"tag-organization-allsang-pa-skansen","10":"tag-organization-svt","11":"tag-person-hanna-hedlund","12":"tag-person-lina-hedlund","13":"tag-se","14":"tag-svenska","15":"tag-sverige","16":"tag-sweden","17":"tag-swedish","18":"tag-topic-brollop","19":"tag-underhallning"},"share_on_mastodon":{"url":"","error":""},"_links":{"self":[{"href":"https:\/\/www.europesays.com\/se\/wp-json\/wp\/v2\/posts\/1525","targetHints":{"allow":["GET"]}}],"collection":[{"href":"https:\/\/www.europesays.com\/se\/wp-json\/wp\/v2\/posts"}],"about":[{"href":"https:\/\/www.europesays.com\/se\/wp-json\/wp\/v2\/types\/post"}],"author":[{"embeddable":true,"href":"https:\/\/www.europesays.com\/se\/wp-json\/wp\/v2\/users\/2"}],"replies":[{"embeddable":true,"href":"https:\/\/www.europesays.com\/se\/wp-json\/wp\/v2\/comments?post=1525"}],"version-history":[{"count":0,"href":"https:\/\/www.europesays.com\/se\/wp-json\/wp\/v2\/posts\/1525\/revisions"}],"wp:featuredmedia":[{"embeddable":true,"href":"https:\/\/www.europesays.com\/se\/wp-json\/wp\/v2\/media\/1526"}],"wp:attachment":[{"href":"https:\/\/www.europesays.com\/se\/wp-json\/wp\/v2\/media?parent=1525"}],"wp:term":[{"taxonomy":"category","embeddable":true,"href":"https:\/\/www.europesays.com\/se\/wp-json\/wp\/v2\/categories?post=1525"},{"taxonomy":"post_tag","embeddable":true,"href":"https:\/\/www.europesays.com\/se\/wp-json\/wp\/v2\/tags?post=1525"}],"curies":[{"name":"wp","href":"https:\/\/api.w.org\/{rel}","templated":true}]}}