{"id":15259,"date":"2025-08-27T18:54:07","date_gmt":"2025-08-27T18:54:07","guid":{"rendered":"https:\/\/www.europesays.com\/se\/15259\/"},"modified":"2025-08-27T18:54:07","modified_gmt":"2025-08-27T18:54:07","slug":"beskedet-manneh-affaren-spricker-sportchefen-bedrovligt-fotbolldirekt","status":"publish","type":"post","link":"https:\/\/www.europesays.com\/se\/15259\/","title":{"rendered":"Beskedet: Manneh-aff\u00e4ren spricker \u2013 sportchefen: &quot;Bedr\u00f6vligt&quot; &#8211; FotbollDirekt"},"content":{"rendered":"<ol>\n<li><a href=\"https:\/\/news.google.com\/rss\/articles\/CBMimgFBVV95cUxQNkd3R0tfZktoZjFRUVhncjVtVUhEMG9iZmtwNzA5aGFna0QyQmtJOU9NM3g0Y0pUbDRHTnNacTFCTXlQdGhLU0o5VWxVTXlOYWppWHVjMEVjVTdxb2VCanhSSk9YWjhuSFd5Tk9wNnNueERPYVI3UmZ4TC1hem5ieG50NndLbFhHNmNWeW1MYm10Vmhfck1hbW1n?oc=5\" target=\"_blank\" rel=\"nofollow noopener\">Beskedet: Manneh-aff\u00e4ren spricker \u2013 sportchefen: &#8221;Bedr\u00f6vligt&#8221;<\/a>&nbsp;&nbsp;FotbollDirekt<\/li>\n<li><a href=\"https:\/\/news.google.com\/rss\/articles\/CBMiygFBVV95cUxPOUJEaWZFWFV2MmM0Skwtbm5kbzJHNm9xODZmQjVlZnFPNzVGUmF0TTlOSllGMVUtenVZZElBX3NsRzBYT0N2dk91cXZReE9fQXUzVmcwTFZ5VDNIX25ONXdET25LTDMtWGFOXzVEYW90UFpSdllkZE9jeGR2b2lOQ2RDUnpkMDFRaTRxcXJwM2dsUzZBcF9IY0ptWUJkbGk2OUVjQ0lETVBEWFlvYWFjZG5xVVgtZHpGNFpxYkxUck16SUJBU2oyaElB?oc=5\" target=\"_blank\" rel=\"nofollow noopener\">Sportchefen rasar: \u201dDet \u00e4r bedr\u00f6vligt\u201d<\/a>&nbsp;&nbsp;Aftonbladet<\/li>\n<li><a href=\"https:\/\/news.google.com\/rss\/articles\/CBMijwFBVV95cUxNcWt0MTJ6R3ZsSXpORGloMTJLZC1BNi01U3FGUzlDZERwT3FvaEFZYzJHekRLSFA4VFNnSlFiVE1WNXd5b3hoR1BWN0dMdWFtMndmcE9lN2lmVVdGUnoxVU0tX18wZTlXWXVpREZiQXRmTTVUcWt3UjhVb0IwRXFkZGgzQXcwWWJuY1VubDRKWQ?oc=5\" target=\"_blank\" rel=\"nofollow noopener\">Mj\u00e4llby bekr\u00e4ftar &#8211; Manneh-transfer spricker<\/a>&nbsp;&nbsp;Fotbollskanalen<\/li>\n<li><a href=\"https:\/\/news.google.com\/rss\/articles\/CBMijgFBVV95cUxQUlAza19WeTF2ZndyQXloYmxWdDFla0RmUTJpamxLTUMwS1R6VE5uQUtDcHF2NndQNHl2blJIOG92TG43a1REYWppOFpQckxuZVVQTUV3TDJZa0Q3ZUJFdUlVSG90QWtKZC1QOHA2NWFoLWs2R003RFotTWJZY2VaMkFaQjZDeUxEYjQ4eUFR?oc=5\" target=\"_blank\" rel=\"nofollow noopener\">G\u00e5r till toppklubben \u2013 dyraste n\u00e5gonsin<\/a>&nbsp;&nbsp;Expressen<\/li>\n<li><a href=\"https:\/\/news.google.com\/rss\/articles\/CBMitgFBVV95cUxQNk94aG9NM1hsbjJmZ1gzbl80RUJxOWNJZlpXSWE4V1hMbVdBYUtVUmtoU2ZkS094cnI3YXlnYjlkVkhpRGF5VVhWS3lYZTQyakJra25hZW0yNkg2THpIU09IeTBLcnNqaTBrZE4tRXdiaEtZX2dsbFlwQXNDSnAta29TTTVuemFwaEw3YVRhT2N4OGhNYnhYakg5ajFtemxLUlI5amd5amVHbHUzcnlpUkRMY2FOUQ?oc=5\" target=\"_blank\" rel=\"nofollow noopener\">NORDQVIST: &#8221;H\u00e4ftiga bilder fr\u00e5n Eleftherios Venizelos \u2013 men bj\u00e4ssar att sl\u00e5ss mot nu&#8221;<\/a>&nbsp;&nbsp;FotbollDirekt<\/li>\n<\/ol>\n","protected":false},"excerpt":{"rendered":"Beskedet: Manneh-aff\u00e4ren spricker \u2013 sportchefen: &#8221;Bedr\u00f6vligt&#8221;&nbsp;&nbsp;FotbollDirekt Sportchefen rasar: \u201dDet \u00e4r bedr\u00f6vligt\u201d&nbsp;&nbsp;Aftonbladet Mj\u00e4llby bekr\u00e4ftar &#8211; Manneh-transfer spricker&nbsp;&nbsp;Fotbollskanalen G\u00e5r till&hellip;\n","protected":false},"author":2,"featured_media":15260,"comment_status":"","ping_status":"","sticky":false,"template":"","format":"standard","meta":{"footnotes":""},"categories":[68],"tags":[754,34,111,110,31,33,32,30],"class_list":{"0":"post-15259","1":"post","2":"type-post","3":"status-publish","4":"format-standard","5":"has-post-thumbnail","7":"category-sport","8":"tag-huvudblock","9":"tag-se","10":"tag-sport","11":"tag-sports","12":"tag-svenska","13":"tag-sverige","14":"tag-sweden","15":"tag-swedish"},"share_on_mastodon":{"url":"","error":""},"_links":{"self":[{"href":"https:\/\/www.europesays.com\/se\/wp-json\/wp\/v2\/posts\/15259","targetHints":{"allow":["GET"]}}],"collection":[{"href":"https:\/\/www.europesays.com\/se\/wp-json\/wp\/v2\/posts"}],"about":[{"href":"https:\/\/www.europesays.com\/se\/wp-json\/wp\/v2\/types\/post"}],"author":[{"embeddable":true,"href":"https:\/\/www.europesays.com\/se\/wp-json\/wp\/v2\/users\/2"}],"replies":[{"embeddable":true,"href":"https:\/\/www.europesays.com\/se\/wp-json\/wp\/v2\/comments?post=15259"}],"version-history":[{"count":0,"href":"https:\/\/www.europesays.com\/se\/wp-json\/wp\/v2\/posts\/15259\/revisions"}],"wp:featuredmedia":[{"embeddable":true,"href":"https:\/\/www.europesays.com\/se\/wp-json\/wp\/v2\/media\/15260"}],"wp:attachment":[{"href":"https:\/\/www.europesays.com\/se\/wp-json\/wp\/v2\/media?parent=15259"}],"wp:term":[{"taxonomy":"category","embeddable":true,"href":"https:\/\/www.europesays.com\/se\/wp-json\/wp\/v2\/categories?post=15259"},{"taxonomy":"post_tag","embeddable":true,"href":"https:\/\/www.europesays.com\/se\/wp-json\/wp\/v2\/tags?post=15259"}],"curies":[{"name":"wp","href":"https:\/\/api.w.org\/{rel}","templated":true}]}}