{"id":15292,"date":"2025-08-27T19:44:09","date_gmt":"2025-08-27T19:44:09","guid":{"rendered":"https:\/\/www.europesays.com\/se\/15292\/"},"modified":"2025-08-27T19:44:09","modified_gmt":"2025-08-27T19:44:09","slug":"abier-27-mordad-maken-och-svarmor-far-livstids-fangelse","status":"publish","type":"post","link":"https:\/\/www.europesays.com\/se\/15292\/","title":{"rendered":"Abier, 27, m\u00f6rdad \u2013 maken och sv\u00e4rmor f\u00e5r livstids f\u00e4ngelse"},"content":{"rendered":"<p>Publicerad 27 aug 2025 kl 20.09Uppdaterad kl 20.57<\/p>\n<p>Abier, 27, \u00e4lskade livet och att g\u00f6ra andra glada.<\/p>\n<p>F\u00f6r att kunna leva som hon ville f\u00f6rs\u00f6kte hon skilja sig fr\u00e5n sin man Mohammed Osman, 37 \u2013 men d\u00e5 str\u00f6p han henne till d\u00f6ds.<\/p>\n<p>Nu har maken, hans mamma Saila Bakar och bror Khalil Osman d\u00f6mts till f\u00e4ngelse f\u00f6r hedersmordet.<\/p>\n<p>Nyheter, reportage och analyser i Sverige och i \u00f6vriga v\u00e4rlden.<img   alt=\"\"\/><\/p>\n<p>Abier blev 27 \u00e5r gammal.<\/p>\n<p>Foto: Privat<\/p>\n<p>\u00d6ppna bild i helsk\u00e4rm<img loading=\"lazy\"   alt=\"\"\/><\/p>\n<p>H\u00e4r \u00e4r sista bilden p\u00e5 Abier, n\u00e4r hon gick fr\u00e5n jobbet den 15 september i fjol.<\/p>\n<p>Foto: Polisen<\/p>\n<p>\u00d6ppna bild i helsk\u00e4rm<img loading=\"lazy\"   alt=\"\"\/><\/p>\n<p>Mohammed Osman ska ha v\u00e4xt upp i Grekland, och rest tillbaka dit med sina och Abiers barn f\u00f6r n\u00e5gra \u00e5r sen.<\/p>\n<p>Foto: Polisen<\/p>\n<p>\u00d6ppna bild i helsk\u00e4rm<img loading=\"lazy\"   alt=\"\"\/><\/p>\n<p>Mohammed Osmans mamma och Abiers sv\u00e4rmor Saila Bakar uppges ha haft heder som motiv.<\/p>\n<p>Foto: Polisen<\/p>\n<p>\u00d6ppna bild i helsk\u00e4rm<img loading=\"lazy\"   alt=\"\"\/><\/p>\n<p>Mohammed Osmans bror Khalil Osman d\u00f6ms f\u00f6r inblandning i mordet.<\/p>\n<p>Foto: Polisen<\/p>\n<p>\u00d6ppna bild i helsk\u00e4rm<img loading=\"lazy\"   alt=\"\"\/><\/p>\n<p>Khalil Osman ska ha hj\u00e4lpt sin bror att spana p\u00e5 och kartl\u00e4gga Abier i flera dygn.<\/p>\n<p>Foto: Polisen<\/p>\n<p>\u00d6ppna bild i helsk\u00e4rm<\/p>\n<p>Det var den 17 september i fjol som 27-\u00e5riga Abier hittades d\u00f6d i sin l\u00e4genhet i <a href=\"https:\/\/www.expressen.se\/tagg\/location\/eskilstuna\/\" class=\"\" rel=\"nofollow noopener\" target=\"_blank\">Eskilstuna<\/a>. Hon hade d\u00e5 inte dykt upp p\u00e5 jobbet, och kollegerna hade fattat misstankar och anm\u00e4lt henne f\u00f6rsvunnen.<\/p>\n<p>Det visade sig att den unga kvinnan hade m\u00f6rdats.<\/p>\n<p>Och en del av motivet var, enligt tingsr\u00e4tten, att hennes make och hans familj ville \u201duppr\u00e4tta familjens heder\u201d.<\/p>\n<p>Abier ville skilja sig<\/p>\n<p>Abier hade i flera \u00e5rs tid f\u00f6rs\u00f6kt skilja sig fr\u00e5n sin make Mohammed Osman. Hon satt fast i ett \u00e4ktenskap med honom sen 17 \u00e5rs \u00e5lder, men efter att hon flyttat till Sverige fr\u00e5n Syrien 2016 b\u00f6rjade hon kl\u00e4 sig mer v\u00e4sterl\u00e4ndskt och dr\u00f6mma om ett liv i frihet.<\/p>\n<p>\u2013 Hon bad om skilsm\u00e4ssa flera g\u00e5nger f\u00f6r att kunna leva sitt liv i fred och leva som andra kvinnor med v\u00e4rdighet och leva det liv hon ville, men denna beg\u00e4ran var ett tecken f\u00f6r familjen att hon hade best\u00e4mt sig f\u00f6r att g\u00e5 i graven, <a href=\"https:\/\/www.expressen.se\/nyheter\/krim\/svarmoderns-hamnd-mordade-sin-sons-fru\/\" rel=\"nofollow noopener\" target=\"_blank\">har Abiers syster tidigare sagt.<\/a><\/p>\n<p>Hotad av Mohammed Osmans familj<\/p>\n<p>Efter att Abier velat anm\u00e4la sin make f\u00f6r misshandel 2022 tog han barnen och f\u00f6rsvann till Turkiet, och sen vidare till Grekland.\u00a0<\/p>\n<p>D\u00e4r fortsatte han och hans familj att kontrollera Abier i Sverige.<\/p>\n<p>Bland annat med d\u00f6dshot.<\/p>\n<p>\u2013 Min syster var mycket r\u00e4dd och otrygg p\u00e5 grund av hoten hon fick fr\u00e5n sin man och hans familj. De f\u00f6rs\u00f6kte flera g\u00e5nger d\u00f6da och strypa henne, och de hotade henne med hennes barn eftersom de var hennes svaga punkt, har systern ber\u00e4ttat.<\/p>\n<p><img loading=\"lazy\"   alt=\"\"\/><\/p>\n<p>H\u00e4r syns Mohammed Osman smyga p\u00e5 sin fru ett par dagar f\u00f6re mordet.<\/p>\n<p>Foto: Polisen<\/p>\n<p>\u00d6ppna bild i helsk\u00e4rm\u201d\u00c4lskade att ha kul\u201d<\/p>\n<p>Hon beskriver Abier som en person som \u00e4lskade livet och att g\u00f6ra andra personer glada.<\/p>\n<p>\u2013 Min syster var en v\u00e4ldigt sn\u00e4ll och glad person som \u00e4lskade att ha kul, leka, dansa och sjunga. Vart hon \u00e4n gick spred hon gl\u00e4dje och lycka omkring sig.<\/p>\n<p>\u2013 Hon ville skiljas men det kunde maken och hans familj inte acceptera.<\/p>\n<p>Flera i samma familj d\u00f6ms<\/p>\n<p>P\u00e5 <a href=\"https:\/\/www.expressen.se\/nyheter\/sverige\/familj-misstanks-for-mord-dom-i-dag\/\" rel=\"nofollow noopener\" target=\"_blank\">tisdagen d\u00f6mdes Mohammed Osman till livstids f\u00e4ngelse<\/a> f\u00f6r mordet p\u00e5 sin hustru. \u00c4ven hans mamma Saila Bakar, 55, d\u00f6mdes till livstids f\u00e4ngelse, f\u00f6r anstiftan av mord och st\u00e4mpling till mord, och hans bror Khalil Osman, 26, d\u00f6mdes till tolv \u00e5rs f\u00e4ngelse f\u00f6r medhj\u00e4lp till mord och grovt skyddande av brottsling.<\/p>\n<p>Ut\u00f6ver det har \u00e4ven Osmans syster och hennes make d\u00f6mts till f\u00e4ngelse i tv\u00e5 \u00e5r respektive tv\u00e5 \u00e5r och sex m\u00e5nader f\u00f6r grovt skyddande av brottsling.<\/p>\n<p>Ytterligare tv\u00e5 personer, en mamma och en dotter, har d\u00f6mts till f\u00e4ngelse i ett \u00e5r och sex m\u00e5nader f\u00f6r grovt skyddande av brottsling.<\/p>\n<p><img loading=\"lazy\"   alt=\"\"\/><\/p>\n<p>V\u00e5ldet mot Abier tros ha p\u00e5g\u00e5tt i flera \u00e5r. H\u00e4r hade hon en bandagerad arm v\u00e5ren 2023.<\/p>\n<p>Foto: Polisen<\/p>\n<p>\u00d6ppna bild i helsk\u00e4rm<\/p>\n","protected":false},"excerpt":{"rendered":"Publicerad 27 aug 2025 kl 20.09Uppdaterad kl 20.57 Abier, 27, \u00e4lskade livet och att g\u00f6ra andra glada. F\u00f6r&hellip;\n","protected":false},"author":2,"featured_media":15293,"comment_status":"","ping_status":"","sticky":false,"template":"","format":"standard","meta":{"footnotes":""},"categories":[12],"tags":[22,23,26,27,17,21,24,25,1959,28,29,15,16,18,34,154,31,33,32,30,19,1960,1961,136,436,20],"class_list":{"0":"post-15292","1":"post","2":"type-post","3":"status-publish","4":"format-standard","5":"has-post-thumbnail","7":"category-sverige","8":"tag-breaking-news","9":"tag-breakingnews","10":"tag-featured-news","11":"tag-featurednews","12":"tag-headlines","13":"tag-huvudnyheter","14":"tag-latest-news","15":"tag-latestnews","16":"tag-location-eskilstuna","17":"tag-main-news","18":"tag-mainnews","19":"tag-news","20":"tag-nyheter","21":"tag-rubriker","22":"tag-se","23":"tag-sections-sverige","24":"tag-svenska","25":"tag-sverige","26":"tag-sweden","27":"tag-swedish","28":"tag-top-stories","29":"tag-topic-heder","30":"tag-topic-hedersvald","31":"tag-topic-rattegangar-domar","32":"tag-topic-valdsbrott-mord","33":"tag-topstories"},"share_on_mastodon":{"url":"","error":""},"_links":{"self":[{"href":"https:\/\/www.europesays.com\/se\/wp-json\/wp\/v2\/posts\/15292","targetHints":{"allow":["GET"]}}],"collection":[{"href":"https:\/\/www.europesays.com\/se\/wp-json\/wp\/v2\/posts"}],"about":[{"href":"https:\/\/www.europesays.com\/se\/wp-json\/wp\/v2\/types\/post"}],"author":[{"embeddable":true,"href":"https:\/\/www.europesays.com\/se\/wp-json\/wp\/v2\/users\/2"}],"replies":[{"embeddable":true,"href":"https:\/\/www.europesays.com\/se\/wp-json\/wp\/v2\/comments?post=15292"}],"version-history":[{"count":0,"href":"https:\/\/www.europesays.com\/se\/wp-json\/wp\/v2\/posts\/15292\/revisions"}],"wp:featuredmedia":[{"embeddable":true,"href":"https:\/\/www.europesays.com\/se\/wp-json\/wp\/v2\/media\/15293"}],"wp:attachment":[{"href":"https:\/\/www.europesays.com\/se\/wp-json\/wp\/v2\/media?parent=15292"}],"wp:term":[{"taxonomy":"category","embeddable":true,"href":"https:\/\/www.europesays.com\/se\/wp-json\/wp\/v2\/categories?post=15292"},{"taxonomy":"post_tag","embeddable":true,"href":"https:\/\/www.europesays.com\/se\/wp-json\/wp\/v2\/tags?post=15292"}],"curies":[{"name":"wp","href":"https:\/\/api.w.org\/{rel}","templated":true}]}}