{"id":15301,"date":"2025-08-27T19:55:07","date_gmt":"2025-08-27T19:55:07","guid":{"rendered":"https:\/\/www.europesays.com\/se\/15301\/"},"modified":"2025-08-27T19:55:07","modified_gmt":"2025-08-27T19:55:07","slug":"avslojar-filip-windlert-pa-vag-in-till-aiks-rival-sodertalje","status":"publish","type":"post","link":"https:\/\/www.europesays.com\/se\/15301\/","title":{"rendered":"Avsl\u00f6jar: Filip Windlert p\u00e5 v\u00e4g in till AIK:s rival S\u00f6dert\u00e4lje"},"content":{"rendered":"<p>Publicerad 27 aug 2025 kl 21.07<\/p>\n<p>Filip Windlert har inte h\u00f6rt n\u00e5got fr\u00e5n AIK.<\/p>\n<p>Nu kan Expressen avsl\u00f6ja att 32-\u00e5ringen \u00e4r p\u00e5 v\u00e4g att g\u00f6ra klart med S\u00f6dert\u00e4lje.<\/p>\n<p>Tackar Windlert ja inom kort, kan han spela redan under torsdagen f\u00f6r SSK, som har stora problem med skador.<\/p>\n<p><img   alt=\"\"\/> <\/p>\n<p>Foto: TOBIAS STERNER \/ BILDBYR\u00c5N<\/p>\n<p>\u00d6ppna bild i helsk\u00e4rm<img loading=\"lazy\"   alt=\"\"\/>\u00d6ppna bild i helsk\u00e4rm<\/p>\n<p>Trotj\u00e4naren, och lagkaptenen Filip Windlert har inte h\u00f6rt n\u00e5gonting fr\u00e5n AIK:s sportchef Lasse Johansson.<\/p>\n<p>I en intervju med <a href=\"https:\/\/www.expressen.se\/sport\/hockey\/hockeyallsvenskan\/lagkaptenen-dumpas-av-aik-i-tystnad-han-ringer-aldrig\/\" rel=\"nofollow noopener\" target=\"_blank\">Expressen<\/a> under onsdagen f\u00f6rklarade han sina k\u00e4nslor och v\u00e4ntar p\u00e5 ett samtal som f\u00f6rmodligen inte kommer.<\/p>\n<p>Nu har Filip Windlert d\u00e4rf\u00f6r b\u00f6rjat sondera terr\u00e4ngen p\u00e5 andra h\u00e5ll.<\/p>\n<p>Nu kan han hamna hos AIK-rivalen S\u00f6dert\u00e4lje.<\/p>\n<p>Enligt uppgifter till Expressen \u00e4r man l\u00e5ngt g\u00e5ngna i samtalen. Det finns ett \u00f6msesidigt intresse av att jobba med varandra, och SSK vill erbjuda Windlert ett korttidskontrakt, d\u00e5 man har flera spelare fr\u00e5nvarande.<\/p>\n<p>Roope Laavainen \u00e4r l\u00e5ngtidsskadad, Andrew Nielsen kom till Sverige och var skadad, Daniel Norbe saknas ocks\u00e5 p\u00e5 grund av skada och Niklas Arell ska bli pappa och \u00e4r d\u00e4rf\u00f6r inte tillg\u00e4nglig.<\/p>\n<p>Det har gjort att man belastat de friska backarna oerh\u00f6rt mycket.<\/p>\n<p>Sportchefen Emil Georgsson bekr\u00e4ftar f\u00f6r Expressen att man tittar p\u00e5 en backl\u00f6sning.<\/p>\n<p>\u2013 Det fungerar liksom inte att Jonas Ahnel\u00f6v ska spela 30 minuter per match, n\u00e4r vi hade en tanke p\u00e5 att han kanske skulle f\u00e5 vila tv\u00e5 tr\u00e4ningsmatcher n\u00e4r vi satte planen inf\u00f6r s\u00e4songen. Risken finns att andra spelare slits och g\u00e5r s\u00f6nder. S\u00e5 vi tittar p\u00e5 vad vi kan g\u00f6ra.<\/p>\n<p><strong>Enligt v\u00e5ra k\u00e4llor \u00e4r ni n\u00e4ra en l\u00f6sning med Filip Windlert?<\/strong><\/p>\n<p>\u2013 Det kommenterar jag inte. Vi tittar p\u00e5 att plocka in en back p\u00e5 ett kortare avtal. Kanske n\u00e5got som har potential \u00f6ver hela s\u00e4songen. Men jag avb\u00f6jer att kommentera enskilda namn, s\u00e4ger Georgsson.<\/p>\n<p>Reaktioner i AIK:s supporterled<\/p>\n<p>I AIK:s supporterled har det inte mottagits s\u00e4rskilt v\u00e4l att Filip Windlert inte ser ut att bli kvar.<\/p>\n<p><a href=\"https:\/\/x.com\/Sneugel\/status\/1960758453246292075\" data-provider=\"twitter\" class=\"js-social-embed\" rel=\"nofollow\">https:\/\/x.com\/Sneugel\/status\/1960758453246292075<\/a><\/p>\n<p>Under kv\u00e4llens match mot Pelicans syntes banderoller p\u00e5 Hovet, med st\u00f6ttning till Filip Windlert, som allts\u00e5 nu h\u00f6gst sannolikt hamnar hos AIK:s konkurrent. I alla fall p\u00e5 ett korttidskontrakt.<\/p>\n<p>S\u00f6dert\u00e4lje har skickat ett f\u00f6rslag till Windlert och det ligger nu helt p\u00e5 honom att tacka ja.<\/p>\n<p>Om han accepterar ett bud fr\u00e5n klubben s\u00e5 kan han komma att vara med i morgondagens match mot Karlskoga.<\/p>\n","protected":false},"excerpt":{"rendered":"Publicerad 27 aug 2025 kl 21.07 Filip Windlert har inte h\u00f6rt n\u00e5got fr\u00e5n AIK. Nu kan Expressen avsl\u00f6ja&hellip;\n","protected":false},"author":2,"featured_media":15302,"comment_status":"","ping_status":"","sticky":false,"template":"","format":"standard","meta":{"footnotes":""},"categories":[68],"tags":[655,641,1013,34,130,255,111,110,31,33,32,30],"class_list":{"0":"post-15301","1":"post","2":"type-post","3":"status-publish","4":"format-standard","5":"has-post-thumbnail","7":"category-sport","8":"tag-organization-aik-hockey","9":"tag-organization-hockeyallsvenskan","10":"tag-organization-sodertalje-sk","11":"tag-se","12":"tag-sections-allsvenskan","13":"tag-sections-ishockey","14":"tag-sport","15":"tag-sports","16":"tag-svenska","17":"tag-sverige","18":"tag-sweden","19":"tag-swedish"},"share_on_mastodon":{"url":"","error":""},"_links":{"self":[{"href":"https:\/\/www.europesays.com\/se\/wp-json\/wp\/v2\/posts\/15301","targetHints":{"allow":["GET"]}}],"collection":[{"href":"https:\/\/www.europesays.com\/se\/wp-json\/wp\/v2\/posts"}],"about":[{"href":"https:\/\/www.europesays.com\/se\/wp-json\/wp\/v2\/types\/post"}],"author":[{"embeddable":true,"href":"https:\/\/www.europesays.com\/se\/wp-json\/wp\/v2\/users\/2"}],"replies":[{"embeddable":true,"href":"https:\/\/www.europesays.com\/se\/wp-json\/wp\/v2\/comments?post=15301"}],"version-history":[{"count":0,"href":"https:\/\/www.europesays.com\/se\/wp-json\/wp\/v2\/posts\/15301\/revisions"}],"wp:featuredmedia":[{"embeddable":true,"href":"https:\/\/www.europesays.com\/se\/wp-json\/wp\/v2\/media\/15302"}],"wp:attachment":[{"href":"https:\/\/www.europesays.com\/se\/wp-json\/wp\/v2\/media?parent=15301"}],"wp:term":[{"taxonomy":"category","embeddable":true,"href":"https:\/\/www.europesays.com\/se\/wp-json\/wp\/v2\/categories?post=15301"},{"taxonomy":"post_tag","embeddable":true,"href":"https:\/\/www.europesays.com\/se\/wp-json\/wp\/v2\/tags?post=15301"}],"curies":[{"name":"wp","href":"https:\/\/api.w.org\/{rel}","templated":true}]}}