{"id":15349,"date":"2025-08-27T21:07:29","date_gmt":"2025-08-27T21:07:29","guid":{"rendered":"https:\/\/www.europesays.com\/se\/15349\/"},"modified":"2025-08-27T21:07:29","modified_gmt":"2025-08-27T21:07:29","slug":"sr-duckar-om-skadade-gaza-journalisten-baraa-lafi","status":"publish","type":"post","link":"https:\/\/www.europesays.com\/se\/15349\/","title":{"rendered":"SR duckar om skadade Gaza-journalisten Baraa Lafi"},"content":{"rendered":"<p>I februari i \u00e5r intervjuades Lafi av den arabiskspr\u00e5kiga nyhetssajten <a href=\"https:\/\/ultrapal.ultrasawt.com\/%D8%B5%D8%AD%D9%81%D9%8A%D9%91%D8%A7%D8%AA-%D9%85%D9%86-%D8%BA%D8%B2%D9%91%D8%A9-%D9%8A%D8%AA%D8%AD%D8%AF%D9%91%D8%AB%D9%86-%D8%B9%D9%86-%D8%AA%D8%AC%D8%A7%D8%B1%D8%A8-%D8%A7%D9%84%D8%AD%D8%B1%D8%A8-%D9%88%D8%A3%D9%85%D9%86%D9%8A%D9%91%D8%A7%D8%AA-%D9%88%D9%82%D9%81-%D8%A5%D8%B7%D9%84%D8%A7%D9%82-%D8%A7%D9%84%D9%86%D8%A7%D8%B1\/%D8%A3%D8%AD%D9%84%D8%A7%D9%85-%D8%AD%D9%85%D8%A7%D8%AF\/%D8%AA%D9%82%D8%A7%D8%B1%D9%8A%D8%B1\/%D8%A3%D8%AE%D8%A8%D8%A7%D8%B1?utm_source=chatgpt.com\" rel=\"nofollow noopener\" target=\"_blank\">Ultra Palestine<\/a>. Hon sade sig d\u00e5 vara stolt \u00f6ver att hennes arbete f\u00f6r svensk radio sedan kriget b\u00f6rjade i oktober 2023 hade f\u00e5tt gensvar i Sverige \u2013 ett land som annars \u00e4r \u201dkallt inf\u00f6r internationella fr\u00e5gor\u201d. Hon sade ocks\u00e5 att det bidrog till demonstrationer till st\u00f6d f\u00f6r Gaza och som f\u00f6rd\u00f6mde israeliska krigsbrott. Hon ber\u00e4ttar ocks\u00e5 att hennes kusin var en fotojournalist som dog p\u00e5 morgonen den 7 oktober 2023 och beskriver hans d\u00f6d med ordet \u201distishh\u0101d\u201d som betyder martyrskap. Fokus hittar \u00e4ven artiklar p\u00e5 den<a href=\"https:\/\/alam24.news\/post\/author\/baraa\/\" rel=\"nofollow noopener\" target=\"_blank\"> arabiskspr\u00e5kiga och Palestinatillv\u00e4nda nyhetssajten Alam24<\/a> som \u00e4r skrivna av Baraa Lafi under perioden d\u00e5 hon \u00e4ven har varit journalist p\u00e5 SR.<\/p>\n<p>D\u00e4remot \u00e4r det sparsamt med material av henne p\u00e5 Sveriges Radios hemsida. Fokus hittar inga artiklar d\u00e4r hon st\u00e5r som ensam skribent och bara n\u00e5gon enstaka fr\u00e5n alldeles nyligen d\u00e4r hennes namn skriv i anslutning till en annan SR-reporters namn.<\/p>\n<p>D\u00e4remot f\u00f6rekommer Lafi i flera av Sveriges Radios inslag om Gaza det senaste \u00e5ret \u2013 fast d\u00e5 intervjuad i rollen som inv\u00e5nare i Gaza. Bland annat i ett <a href=\"https:\/\/www.sverigesradio.se\/artikel\/svensk-palestiniern-baraa-lafi-vi-vill-bara-ha-vapenvila\" rel=\"nofollow noopener\" target=\"_blank\">reportage fr\u00e5n den 6 oktober<\/a> f\u00f6rra \u00e5ret d\u00e4r hon f\u00f6rklarar f\u00f6r Sveriges Radios reporter Rouzbeh Djalaie hur hon har tvingats fly g\u00e5ng p\u00e5 g\u00e5ng i Gaza. \u201dDe ville bara ha lugn och ro, de ville bara ha vapenvila\u201d, s\u00e4ger hon om Gazaborna. I reportaget n\u00e4mndes inte att den intervjuade \u00e4ven var SR-medarbetare eller ens journalist.<\/p>\n<p>Den 16 januari i \u00e5r <a href=\"https:\/\/www.sverigesradio.se\/artikel\/jubel-pa-gatorna-i-gaza-vill-inte-se-mer-blod\" rel=\"nofollow noopener\" target=\"_blank\">figurerade hon \u00e5terigen<\/a>. Hon intervjuas i Khan Yunis ang\u00e5ende den nyligen utropade vapenvilan. Men inte heller h\u00e4r ben\u00e4mns hon som journalist eller medarbetare i Sveriges Radio. Liknande inslag har gjorts fram till och med juni i \u00e5r. \u00a0Men enligt Sveriges Radios utrikeschef Anders Pontara har hon varit journalist p\u00e5 Sveriges Radio i drygt ett \u00e5r. Varken Pontara eller hans chef Cilla Benk\u00f6 vill st\u00e4lla upp p\u00e5 en muntlig intervju utan svarar p\u00e5 Fokus fr\u00e5gor i en mejlv\u00e4xling.<\/p>\n<p>\u201dHon har bist\u00e5tt oss med detta sedan n\u00e5got drygt \u00e5r tillbaka\u201d, skriver han i den.<\/p>\n<p><strong>\u00c4r det i rollen som journalist?<\/strong><\/p>\n<p>P\u00e5 fr\u00e5gan varf\u00f6r Lafi framst\u00e4lls som en vanlig Gazabo och varf\u00f6r det inte framg\u00e5r att hon \u00e4r medarbetare p\u00e5 Sveriges Radio svarar Pontara:<\/p>\n<p>\u201dDet dr\u00f6jde en tid tills begreppet \u201dmedarbetare\u201d b\u00f6rjade anv\u00e4ndas. Det skedde i samband med att Baraa Lafis bidrag till v\u00e5ra s\u00e4ndningar blev mer regelbundet.\u201d<\/p>\n<p><strong>Du s\u00e4ger att hon \u00e4r journalist och i den rollen har hon verkat sedan n\u00e5got drygt \u00e5r tillbaka hos er. Varf\u00f6r framg\u00e5r det d\u00e5 <\/strong><a href=\"https:\/\/www.sverigesradio.se\/artikel\/svensk-palestiniern-baraa-lafi-vi-vill-bara-ha-vapenvila\" rel=\"nofollow noopener\" target=\"_blank\"><strong>varken i detta reportage<\/strong><\/a><strong> eller <\/strong><a href=\"https:\/\/www.sverigesradio.se\/artikel\/jubel-pa-gatorna-i-gaza-vill-inte-se-mer-blod\" rel=\"nofollow noopener\" target=\"_blank\"><strong>i detta reportage<\/strong><\/a><strong> att hon \u00e4r medarbetare och\/eller journalist p\u00e5 SR, utan endast figurerar som Gazabo som f\u00e5r uttala sig?<\/strong><\/p>\n<p>\u201dDet \u00e4r tv\u00e5 publiceringar fr\u00e5n P4 Stockholm, det f\u00f6rsta fr\u00e5n i oktober i fjol och det andra fr\u00e5n i januari. Det var n\u00e5gonstans strax d\u00e4refter som Baraas medverkan hos oss blev mer regelbunden och begreppet \u201dmedarbetare\u201d b\u00f6rjade anv\u00e4ndas\u201d, skriver Pontara.<\/p>\n<p>Fokus fick inga svar p\u00e5 f\u00f6ljdfr\u00e5gor om Pontara anser att det finns l\u00e4gre krav p\u00e5 tydlighet n\u00e4r P4 Stockholm g\u00f6r inslagen \u2013 samt varf\u00f6r det inte finns n\u00e5gon lokal Stockholms-koppling i inslaget om Gaza.<\/p>\n<p>Nedan f\u00f6ljer ett utdrag ur den skriftv\u00e4xling Fokus har haft med SR:s utrikeschef d\u00e4r flera fr\u00e5gor som l\u00e4mnat obesvarade (bland annat om medverkan i Ultra Palestine) har utel\u00e4mnats.<\/p>\n<p><strong>Vore det inte pressetiskt uppriktigt att upplysa lyssnaren\/l\u00e4saren att den intervjuade personen dessutom \u00e4r medarbetare p\u00e5 er arbetsplats?<\/strong><\/p>\n<p>\u201dVi beskriver idag allts\u00e5 i allm\u00e4nhet Baraa som just \u2019medarbetare\u2019\u201d.<\/p>\n<p>(I en SR-artikel <a href=\"https:\/\/www.sverigesradio.se\/artikel\/sveriges-radios-journalist-skadad-i-gaza\" rel=\"nofollow noopener\" target=\"_blank\">fr\u00e5n i g\u00e5r<\/a>, den 26 augusti, beskrivs hon dock som &#8221;Sveriges Radios journalist, red.).  <\/p>\n<p><strong>Vad \u00e4r egentligen Baraa Lafis roll som medarbetare p\u00e5 SR?<\/strong><\/p>\n<p>\u201dBaraa \u00e4r frilansreporter verksam i Gaza. Hon f\u00f6rser Sveriges Radio med material d\u00e4rifr\u00e5n och samarbetar n\u00e4ra n\u00e5gra av v\u00e5ra korrespondenter och reportrar.\u201d<\/p>\n<p><strong>Har Lafi de erforderliga f\u00f6rs\u00e4kringar som \u00e4r brukligt f\u00f6r medarbetare?<\/strong><\/p>\n<p>-\u201dJa, hon omfattas av en f\u00f6rs\u00e4kringsl\u00f6sning inom ramen f\u00f6r v\u00e5r utlandsf\u00f6rs\u00e4kring och skrivningar i den om villkor f\u00f6r externa medarbetare vi anlitar, som frilansare, s\u00e5 kallade fixare etc. Denna g\u00e4ller \u00e4ven i h\u00f6griskomr\u00e5den.\u201d<\/p>\n<p><strong>Hur ser SR till att ers\u00e4tta de skador hon nyligen \u00e5samkades i tj\u00e4nsten?<\/strong><\/p>\n<p>\u201dDet sker inom ramen f\u00f6r ovan n\u00e4mnda f\u00f6rs\u00e4kring. Vid behov av ytterligare st\u00f6d l\u00f6ses detta i dialog mellan oss.\u201d \u00a0<\/p>\n<p><strong>Hur betalas l\u00f6n eller arvode ut?<\/strong><\/p>\n<p>\u201dInternationella regleringar begr\u00e4nsar m\u00f6jligheten att f\u00f6ra \u00f6ver pengar till banker i Gaza. Vi har d\u00e4rf\u00f6r hittat andra l\u00f6sningar kring detta. Vi v\u00e4ljer att inte g\u00e5 in p\u00e5 detaljer.\u201d<\/p>\n<p><strong>Vilken typ av anst\u00e4llningstrygghet har hon?<\/strong><\/p>\n<p>\u201dHon \u00e4r en frilansmedarbetare som vi har kontrakterat. Sveriges Radio jobbar sparsamt med frilansare, eftersom vi har ett stort n\u00e4t av tillsvidareanst\u00e4llda journalister. I detta fall n\u00e4r Israel v\u00e4grar dem intr\u00e4de till Gaza \u00e4r vi oerh\u00f6rt tacksamma f\u00f6r att Baraa och \u00e4ven Sami Abu Salem valt att jobba med just oss. Uppg\u00f6relsen g\u00e4ller tillsvidare.\u201d<\/p>\n<p><strong>Vad har hon f\u00f6r utbildning?<\/strong><\/p>\n<p>\u201dBaraa \u00e4r frilansjournalist och har varit n\u00e4ra knuten till en organisation som arbetare med att utbilda och st\u00f6dja kvinnliga palestinska journalister.\u201d<\/p>\n<p><strong>Har hon tidigare erfarenheter som journalist\/reporter?<\/strong><\/p>\n<p><strong>Kommer ni att erbjuda henne en fast anst\u00e4llning om och n\u00e4r situationen s\u00e5 till\u00e5ter?<\/strong><\/p>\n<p>\u201dInte per automatik. Sedan f\u00f6r vi ofta samtal med frilansjournalister som arbetar f\u00f6r oss om framtiden och i vissa fall kan det i f\u00f6rl\u00e4ngningen ocks\u00e5 leda till anst\u00e4llning. Nils Horner var ett tydligt exempel p\u00e5 det.\u201d<\/p>\n<p><strong>Fotnot:<\/strong> Fokus har \u00e4ven f\u00f6rs\u00f6kt att f\u00e5 en intervju med SR:s VD Cilla Benk\u00f6 men ej f\u00e5tt svar.<\/p>\n<p>I februari i \u00e5r intervjuades Lafi av den arabiskspr\u00e5kiga nyhetssajten <a href=\"https:\/\/ultrapal.ultrasawt.com\/%D8%B5%D8%AD%D9%81%D9%8A%D9%91%D8%A7%D8%AA-%D9%85%D9%86-%D8%BA%D8%B2%D9%91%D8%A9-%D9%8A%D8%AA%D8%AD%D8%AF%D9%91%D8%AB%D9%86-%D8%B9%D9%86-%D8%AA%D8%AC%D8%A7%D8%B1%D8%A8-%D8%A7%D9%84%D8%AD%D8%B1%D8%A8-%D9%88%D8%A3%D9%85%D9%86%D9%8A%D9%91%D8%A7%D8%AA-%D9%88%D9%82%D9%81-%D8%A5%D8%B7%D9%84%D8%A7%D9%82-%D8%A7%D9%84%D9%86%D8%A7%D8%B1\/%D8%A3%D8%AD%D9%84%D8%A7%D9%85-%D8%AD%D9%85%D8%A7%D8%AF\/%D8%AA%D9%82%D8%A7%D8%B1%D9%8A%D8%B1\/%D8%A3%D8%AE%D8%A8%D8%A7%D8%B1?utm_source=chatgpt.com\" rel=\"nofollow noopener\" target=\"_blank\">Ultra Palestine<\/a>. Hon sade sig d\u00e5 vara stolt \u00f6ver att hennes arbete f\u00f6r svensk radio sedan kriget b\u00f6rjade i oktober 2023 hade f\u00e5tt gensvar i Sverige \u2013 ett land som annars \u00e4r \u201dkallt inf\u00f6r internationella fr\u00e5gor\u201d. Hon sade ocks\u00e5 att det bidrog till demonstrationer till st\u00f6d f\u00f6r Gaza och som f\u00f6rd\u00f6mde israeliska krigsbrott. Hon ber\u00e4ttar ocks\u00e5 att hennes kusin var en fotojournalist som dog p\u00e5 morgonen den 7 oktober 2023 och beskriver hans d\u00f6d med ordet \u201distishh\u0101d\u201d som betyder martyrskap. Fokus hittar \u00e4ven artiklar p\u00e5 den<a href=\"https:\/\/alam24.news\/post\/author\/baraa\/\" rel=\"nofollow noopener\" target=\"_blank\"> arabiskspr\u00e5kiga och Palestinatillv\u00e4nda nyhetssajten Alam24<\/a> som \u00e4r skrivna av Baraa Lafi under perioden d\u00e5 hon \u00e4ven har varit journalist p\u00e5 SR.<\/p>\n<p>D\u00e4remot \u00e4r det sparsamt med material av henne p\u00e5 Sveriges Radios hemsida. Fokus hittar inga artiklar d\u00e4r hon st\u00e5r som ensam skribent och bara n\u00e5gon enstaka fr\u00e5n alldeles nyligen d\u00e4r hennes namn skriv i anslutning till en annan SR-reporters namn.<\/p>\n<p>D\u00e4remot f\u00f6rekommer Lafi i flera av Sveriges Radios inslag om Gaza det senaste \u00e5ret \u2013 fast d\u00e5 intervjuad i rollen som inv\u00e5nare i Gaza. Bland annat i ett <a href=\"https:\/\/www.sverigesradio.se\/artikel\/svensk-palestiniern-baraa-lafi-vi-vill-bara-ha-vapenvila\" rel=\"nofollow noopener\" target=\"_blank\">reportage fr\u00e5n den 6 oktober<\/a> f\u00f6rra \u00e5ret d\u00e4r hon f\u00f6rklarar f\u00f6r Sveriges Radios reporter Rouzbeh Djalaie hur hon har tvingats fly g\u00e5ng p\u00e5 g\u00e5ng i Gaza. \u201dDe ville bara ha lugn och ro, de ville bara ha vapenvila\u201d, s\u00e4ger hon om Gazaborna. I reportaget n\u00e4mndes inte att den intervjuade \u00e4ven var SR-medarbetare eller ens journalist.<\/p>\n<p>Den 16 januari i \u00e5r <a href=\"https:\/\/www.sverigesradio.se\/artikel\/jubel-pa-gatorna-i-gaza-vill-inte-se-mer-blod\" rel=\"nofollow noopener\" target=\"_blank\">figurerade hon \u00e5terigen<\/a>. Hon intervjuas i Khan Yunis ang\u00e5ende den nyligen utropade vapenvilan. Men inte heller h\u00e4r ben\u00e4mns hon som journalist eller medarbetare i Sveriges Radio. Liknande inslag har gjorts fram till och med juni i \u00e5r.  Men enligt Sveriges Radios utrikeschef Anders Pontara har hon varit journalist p\u00e5 Sveriges Radio i drygt ett \u00e5r. Varken Pontara eller hans chef Cilla Benk\u00f6 vill st\u00e4lla upp p\u00e5 en muntlig intervju utan svarar p\u00e5 Fokus fr\u00e5gor i en mejlv\u00e4xling.<\/p>\n<p>\u201dHon har bist\u00e5tt oss med detta sedan n\u00e5got drygt \u00e5r tillbaka\u201d, skriver han i den.<\/p>\n<p><strong>\u00c4r det i rollen som journalist?<\/strong><\/p>\n<p>P\u00e5 fr\u00e5gan varf\u00f6r Lafi framst\u00e4lls som en vanlig Gazabo och varf\u00f6r det inte framg\u00e5r att hon \u00e4r medarbetare p\u00e5 Sveriges Radio svarar Pontara:<\/p>\n<p>\u201dDet dr\u00f6jde en tid tills begreppet \u201dmedarbetare\u201d b\u00f6rjade anv\u00e4ndas. Det skedde i samband med att Baraa Lafis bidrag till v\u00e5ra s\u00e4ndningar blev mer regelbundet.\u201d<\/p>\n<p><strong>Du s\u00e4ger att hon \u00e4r journalist och i den rollen har hon verkat sedan n\u00e5got drygt \u00e5r tillbaka hos er. Varf\u00f6r framg\u00e5r det d\u00e5 <\/strong><a href=\"https:\/\/www.sverigesradio.se\/artikel\/svensk-palestiniern-baraa-lafi-vi-vill-bara-ha-vapenvila\" rel=\"nofollow noopener\" target=\"_blank\"><strong>varken i detta reportage<\/strong><\/a><strong> eller <\/strong><a href=\"https:\/\/www.sverigesradio.se\/artikel\/jubel-pa-gatorna-i-gaza-vill-inte-se-mer-blod\" rel=\"nofollow noopener\" target=\"_blank\"><strong>i detta reportage<\/strong><\/a><strong> att hon \u00e4r medarbetare och\/eller journalist p\u00e5 SR, utan endast figurerar som Gazabo som f\u00e5r uttala sig?<\/strong><\/p>\n<p>\u201dDet \u00e4r tv\u00e5 publiceringar fr\u00e5n P4 Stockholm, det f\u00f6rsta fr\u00e5n i oktober i fjol och det andra fr\u00e5n i januari. Det var n\u00e5gonstans strax d\u00e4refter som Baraas medverkan hos oss blev mer regelbunden och begreppet \u201dmedarbetare\u201d b\u00f6rjade anv\u00e4ndas\u201d, skriver Pontara.<\/p>\n<p>Fokus fick inga svar p\u00e5 f\u00f6ljdfr\u00e5gor om Pontara anser att det finns l\u00e4gre krav p\u00e5 tydlighet n\u00e4r P4 Stockholm g\u00f6r inslagen \u2013 samt varf\u00f6r det inte finns n\u00e5gon lokal Stockholms-koppling i inslaget om Gaza.<\/p>\n<p>Nedan f\u00f6ljer ett utdrag ur den skriftv\u00e4xling Fokus har haft med SR:s utrikeschef d\u00e4r flera fr\u00e5gor som l\u00e4mnat obesvarade (bland annat om medverkan i Ultra Palestine) har utel\u00e4mnats.<\/p>\n<p><strong>Vore det inte pressetiskt uppriktigt att upplysa lyssnaren\/l\u00e4saren att den intervjuade personen dessutom \u00e4r medarbetare p\u00e5 er arbetsplats?<\/strong><\/p>\n<p>\u201dVi beskriver idag allts\u00e5 i allm\u00e4nhet Baraa som just \u2019medarbetare\u2019\u201d.<\/p>\n<p>(I en SR-artikel <a href=\"https:\/\/www.sverigesradio.se\/artikel\/sveriges-radios-journalist-skadad-i-gaza\" rel=\"nofollow noopener\" target=\"_blank\">fr\u00e5n i g\u00e5r<\/a>, den 26 augusti, beskrivs hon dock som \u201dSveriges Radios journalist, red.).  <\/p>\n<p><strong>Vad \u00e4r egentligen Baraa Lafis roll som medarbetare p\u00e5 SR?<\/strong><\/p>\n","protected":false},"excerpt":{"rendered":"I februari i \u00e5r intervjuades Lafi av den arabiskspr\u00e5kiga nyhetssajten Ultra Palestine. Hon sade sig d\u00e5 vara stolt&hellip;\n","protected":false},"author":2,"featured_media":15350,"comment_status":"","ping_status":"","sticky":false,"template":"","format":"standard","meta":{"footnotes":""},"categories":[12],"tags":[22,23,26,27,121,17,21,1965,342,24,25,28,29,15,16,123,18,34,31,33,785,32,30,19,20],"class_list":{"0":"post-15349","1":"post","2":"type-post","3":"status-publish","4":"format-standard","5":"has-post-thumbnail","7":"category-sverige","8":"tag-breaking-news","9":"tag-breakingnews","10":"tag-featured-news","11":"tag-featurednews","12":"tag-gaza","13":"tag-headlines","14":"tag-huvudnyheter","15":"tag-idf","16":"tag-israel","17":"tag-latest-news","18":"tag-latestnews","19":"tag-main-news","20":"tag-mainnews","21":"tag-news","22":"tag-nyheter","23":"tag-palestina","24":"tag-rubriker","25":"tag-se","26":"tag-svenska","27":"tag-sverige","28":"tag-sveriges-radio","29":"tag-sweden","30":"tag-swedish","31":"tag-top-stories","32":"tag-topstories"},"share_on_mastodon":{"url":"","error":""},"_links":{"self":[{"href":"https:\/\/www.europesays.com\/se\/wp-json\/wp\/v2\/posts\/15349","targetHints":{"allow":["GET"]}}],"collection":[{"href":"https:\/\/www.europesays.com\/se\/wp-json\/wp\/v2\/posts"}],"about":[{"href":"https:\/\/www.europesays.com\/se\/wp-json\/wp\/v2\/types\/post"}],"author":[{"embeddable":true,"href":"https:\/\/www.europesays.com\/se\/wp-json\/wp\/v2\/users\/2"}],"replies":[{"embeddable":true,"href":"https:\/\/www.europesays.com\/se\/wp-json\/wp\/v2\/comments?post=15349"}],"version-history":[{"count":0,"href":"https:\/\/www.europesays.com\/se\/wp-json\/wp\/v2\/posts\/15349\/revisions"}],"wp:featuredmedia":[{"embeddable":true,"href":"https:\/\/www.europesays.com\/se\/wp-json\/wp\/v2\/media\/15350"}],"wp:attachment":[{"href":"https:\/\/www.europesays.com\/se\/wp-json\/wp\/v2\/media?parent=15349"}],"wp:term":[{"taxonomy":"category","embeddable":true,"href":"https:\/\/www.europesays.com\/se\/wp-json\/wp\/v2\/categories?post=15349"},{"taxonomy":"post_tag","embeddable":true,"href":"https:\/\/www.europesays.com\/se\/wp-json\/wp\/v2\/tags?post=15349"}],"curies":[{"name":"wp","href":"https:\/\/api.w.org\/{rel}","templated":true}]}}