{"id":153747,"date":"2026-02-02T10:47:07","date_gmt":"2026-02-02T10:47:07","guid":{"rendered":"https:\/\/www.europesays.com\/se\/153747\/"},"modified":"2026-02-02T10:47:07","modified_gmt":"2026-02-02T10:47:07","slug":"nu-ar-det-dags-att-nominera-till-arets-folkhalsoinsats","status":"publish","type":"post","link":"https:\/\/www.europesays.com\/se\/153747\/","title":{"rendered":"Nu \u00e4r det dags att nominera till \u00c5rets folkh\u00e4lsoinsats!"},"content":{"rendered":"<p class=\"normal\">Det kan vara en eldsj\u00e4l som engagerar sig f\u00f6r bygden eller en ideell ungdomsledare som entr\u00e4get jobbar f\u00f6r barn och ungdomars liv p\u00e5 olika vis. Cirkelledaren som med stort hj\u00e4rta ser till att alla k\u00e4nner sig sedda. F\u00f6rening som varje \u00e5r bjuder in till gemenskap. Vad det \u00e4n \u00e4r och vem det \u00e4n m\u00e5 vara s\u00e5 \u00e4r vi \u00f6vertygade om att du k\u00e4nner till n\u00e5gon eller n\u00e5gra som \u00e4r s\u00e5 v\u00e4rd att lyftas lite extra!<\/p>\n<p class=\"normal\">Passa p\u00e5 att nominera den eller de som du tycker ska bli uttsedd till <strong>\u00c5rets folkh\u00e4lsoinsats 2026!<\/strong><\/p>\n<p class=\"normal\">Nominera via <strong><a href=\"https:\/\/url41.mailanyone.net\/scanner?m=1vlRHU-0000000057t-3ENP&amp;d=4%7Cmail%2F90%2F1769689800%2F1vlRHU-0000000057t-3ENP%7Cin41m%7C57e1b682%7C11545262%7C9826807%7C697B54A085C498E005C692CA4A0655DF&amp;o=wphtw%2F%2Fwt%3Ajg.r.onheisaseoetf%2Frialkssonhlsta&amp;s=71kiqK64FzgQCmGfLre_AjKcXts\" rel=\"nofollow noopener\" target=\"_blank\">www.regionjh.se\/aretsfolkhalsoinsats<\/a><\/strong> <strong>Mellan den 1 och 28 februari.<\/strong><\/p>\n<p class=\"normal\">Utm\u00e4rkelsen delas ut f\u00f6r att uppm\u00e4rksamma och uppmuntra f\u00f6rtj\u00e4nstfulla insatser inom omr\u00e5det folkh\u00e4lsa i v\u00e5rt l\u00e4n. Insatser som fr\u00e4mjar h\u00e4lsa och f\u00f6rebygger oh\u00e4lsa, som bidrar till ett socialt, fysiskt och psykiskt v\u00e4lbefinnande samt \u00f6kar den j\u00e4mlika h\u00e4lsan mellan olika grupper i samh\u00e4llet.<\/p>\n<p class=\"normal\"><strong>Hoppas att ni vill och kan bidra med spridningen s\u00e5 det kan komma in nomineringar fr\u00e5n hela l\u00e4net!<\/strong><\/p>\n<p class=\"normal\">Har ni n\u00e5gra fr\u00e5gor \u00e4r ni v\u00e4lkomna att kontakta:<\/p>\n<p class=\"normal\">Om nomineringen: Carl Persson Folkh\u00e4lsoenheten <br \/><a href=\"https:\/\/www.ostersund.se\/om-webbplatsen\/nyhetsarkiv\/nyhetsarkiv\/mailto:carl.persson@regionjh.se\" rel=\"nofollow noopener\" target=\"_blank\">carl.persson@regionjh.se<\/a><\/p>\n<p class=\"normal\">Kommunikationsfr\u00e5gor: Anna Swanson Danielsson Folkh\u00e4lsoenheten <a href=\"https:\/\/www.ostersund.se\/om-webbplatsen\/nyhetsarkiv\/nyhetsarkiv\/mailto:anna.swanson@regionjh.se\" rel=\"nofollow noopener\" target=\"_blank\">anna.swanson@regionjh.se<\/a><\/p>\n<p class=\"normal\">H\u00e4lsningar Folkh\u00e4lsoenheten Region J\u00e4mtland H\u00e4rjedalen <\/p>\n","protected":false},"excerpt":{"rendered":"Det kan vara en eldsj\u00e4l som engagerar sig f\u00f6r bygden eller en ideell ungdomsledare som entr\u00e4get jobbar f\u00f6r&hellip;\n","protected":false},"author":2,"featured_media":42664,"comment_status":"","ping_status":"","sticky":false,"template":"","format":"standard","meta":{"footnotes":"","_share_on_mastodon":"0"},"categories":[12],"tags":[22,23,11800,26,27,279,17,21,24,25,28,29,15,16,18,34,31,33,32,30,19,20],"class_list":["post-153747","post","type-post","status-publish","format-standard","has-post-thumbnail","category-sverige","tag-breaking-news","tag-breakingnews","tag-enkat","tag-featured-news","tag-featurednews","tag-folkhalsa","tag-headlines","tag-huvudnyheter","tag-latest-news","tag-latestnews","tag-main-news","tag-mainnews","tag-news","tag-nyheter","tag-rubriker","tag-se","tag-svenska","tag-sverige","tag-sweden","tag-swedish","tag-top-stories","tag-topstories"],"share_on_mastodon":{"url":"https:\/\/pubeurope.com\/@se\/116000643078631811","error":""},"_links":{"self":[{"href":"https:\/\/www.europesays.com\/se\/wp-json\/wp\/v2\/posts\/153747","targetHints":{"allow":["GET"]}}],"collection":[{"href":"https:\/\/www.europesays.com\/se\/wp-json\/wp\/v2\/posts"}],"about":[{"href":"https:\/\/www.europesays.com\/se\/wp-json\/wp\/v2\/types\/post"}],"author":[{"embeddable":true,"href":"https:\/\/www.europesays.com\/se\/wp-json\/wp\/v2\/users\/2"}],"replies":[{"embeddable":true,"href":"https:\/\/www.europesays.com\/se\/wp-json\/wp\/v2\/comments?post=153747"}],"version-history":[{"count":0,"href":"https:\/\/www.europesays.com\/se\/wp-json\/wp\/v2\/posts\/153747\/revisions"}],"wp:featuredmedia":[{"embeddable":true,"href":"https:\/\/www.europesays.com\/se\/wp-json\/wp\/v2\/media\/42664"}],"wp:attachment":[{"href":"https:\/\/www.europesays.com\/se\/wp-json\/wp\/v2\/media?parent=153747"}],"wp:term":[{"taxonomy":"category","embeddable":true,"href":"https:\/\/www.europesays.com\/se\/wp-json\/wp\/v2\/categories?post=153747"},{"taxonomy":"post_tag","embeddable":true,"href":"https:\/\/www.europesays.com\/se\/wp-json\/wp\/v2\/tags?post=153747"}],"curies":[{"name":"wp","href":"https:\/\/api.w.org\/{rel}","templated":true}]}}