{"id":15389,"date":"2025-08-27T22:03:16","date_gmt":"2025-08-27T22:03:16","guid":{"rendered":"https:\/\/www.europesays.com\/se\/15389\/"},"modified":"2025-08-27T22:03:16","modified_gmt":"2025-08-27T22:03:16","slug":"stubb-hoppas-trump-ledsnar-pa-putin-snart","status":"publish","type":"post","link":"https:\/\/www.europesays.com\/se\/15389\/","title":{"rendered":"Stubb: Hoppas Trump ledsnar p\u00e5 Putin snart"},"content":{"rendered":"<p>Stubb, som knutit v\u00e4nskapsband med Trump \u00f6ver de tv\u00e5 ledarnas gemensamma golfintresse, hoppas att Trump snart tappar t\u00e5lamodet med Rysslands president Vladimir Putin.<\/p>\n<p>Jag hoppas att v\u00e4stl\u00e4ndernas \u2013 speciellt USA:s \u2013 t\u00e5lamod tar slut. Varje g\u00e5ng president Trump har tappat t\u00e5lamodet har han vidtagit \u00e5tg\u00e4rder som har hj\u00e4lpt f\u00f6rs\u00f6ken att n\u00e5 en l\u00f6sning (p\u00e5 Ukrainakriget), s\u00e4ger Stubb till reportrar.<\/p>\n<p>Som exempel lyfter Stubb de kraftiga tullar mot Indien som USA s\u00e4ger sig redo att inf\u00f6ra i veckan.<\/p>\n<p>Det f\u00e4rskaste exemplet \u00e4r tullarna mot Indien, eftersom Indien k\u00f6per rysk olja, gas och vapen, s\u00e4ger han och forts\u00e4tter: Om president Trump skulle g\u00f6ra samma sak mot l\u00e4nderna X, Y och Z s\u00e5 skulle vi kanske kunna \u00e5terv\u00e4nda till f\u00f6rhandlingsbordet.<\/p>\n","protected":false},"excerpt":{"rendered":"Stubb, som knutit v\u00e4nskapsband med Trump \u00f6ver de tv\u00e5 ledarnas gemensamma golfintresse, hoppas att Trump snart tappar t\u00e5lamodet&hellip;\n","protected":false},"author":2,"featured_media":15390,"comment_status":"","ping_status":"","sticky":false,"template":"","format":"standard","meta":{"footnotes":""},"categories":[14],"tags":[22,23,385,26,27,684,17,21,24,25,28,29,15,16,18,34,31,33,32,30,19,20,51,262,52,53,54],"class_list":{"0":"post-15389","1":"post","2":"type-post","3":"status-publish","4":"format-standard","5":"has-post-thumbnail","7":"category-varlden","8":"tag-breaking-news","9":"tag-breakingnews","10":"tag-donald-trump","11":"tag-featured-news","12":"tag-featurednews","13":"tag-finland","14":"tag-headlines","15":"tag-huvudnyheter","16":"tag-latest-news","17":"tag-latestnews","18":"tag-main-news","19":"tag-mainnews","20":"tag-news","21":"tag-nyheter","22":"tag-rubriker","23":"tag-se","24":"tag-svenska","25":"tag-sverige","26":"tag-sweden","27":"tag-swedish","28":"tag-top-stories","29":"tag-topstories","30":"tag-varlden","31":"tag-volodymyr-zelenskyj","32":"tag-world","33":"tag-world-news","34":"tag-worldnews"},"share_on_mastodon":{"url":"","error":""},"_links":{"self":[{"href":"https:\/\/www.europesays.com\/se\/wp-json\/wp\/v2\/posts\/15389","targetHints":{"allow":["GET"]}}],"collection":[{"href":"https:\/\/www.europesays.com\/se\/wp-json\/wp\/v2\/posts"}],"about":[{"href":"https:\/\/www.europesays.com\/se\/wp-json\/wp\/v2\/types\/post"}],"author":[{"embeddable":true,"href":"https:\/\/www.europesays.com\/se\/wp-json\/wp\/v2\/users\/2"}],"replies":[{"embeddable":true,"href":"https:\/\/www.europesays.com\/se\/wp-json\/wp\/v2\/comments?post=15389"}],"version-history":[{"count":0,"href":"https:\/\/www.europesays.com\/se\/wp-json\/wp\/v2\/posts\/15389\/revisions"}],"wp:featuredmedia":[{"embeddable":true,"href":"https:\/\/www.europesays.com\/se\/wp-json\/wp\/v2\/media\/15390"}],"wp:attachment":[{"href":"https:\/\/www.europesays.com\/se\/wp-json\/wp\/v2\/media?parent=15389"}],"wp:term":[{"taxonomy":"category","embeddable":true,"href":"https:\/\/www.europesays.com\/se\/wp-json\/wp\/v2\/categories?post=15389"},{"taxonomy":"post_tag","embeddable":true,"href":"https:\/\/www.europesays.com\/se\/wp-json\/wp\/v2\/tags?post=15389"}],"curies":[{"name":"wp","href":"https:\/\/api.w.org\/{rel}","templated":true}]}}