{"id":15391,"date":"2025-08-27T22:05:07","date_gmt":"2025-08-27T22:05:07","guid":{"rendered":"https:\/\/www.europesays.com\/se\/15391\/"},"modified":"2025-08-27T22:05:07","modified_gmt":"2025-08-27T22:05:07","slug":"division-4-lagets-bragd-slar-ut-manchester-united","status":"publish","type":"post","link":"https:\/\/www.europesays.com\/se\/15391\/","title":{"rendered":"Division 4-lagets bragd \u2013 sl\u00e5r ut Manchester United"},"content":{"rendered":"<p>Grimsby Town har lyckats med det som p\u00e5 f\u00f6rhand verkade om\u00f6jligt: Att sl\u00e5 ut giganten Manchester United ur ligacupen.<\/p>\n<p>Grimsby Town spelar till vardags i fj\u00e4rdedivisionen League Two och redan en halvtimme in i matchen ledde de med 2\u20130. Uniteds nyf\u00f6rv\u00e4rv Bryan Mbeumo lyckades dock reducera innan Harry Maguire kvitterade och tog matchen till straffar. <\/p>\n<p>D\u00e4r var det Grimsby som var det b\u00e4ttre laget, varp\u00e5 hemmafansen stormade planen i sin vilda gl\u00e4dje. <\/p>\n<p>Omni \u00e4r politiskt obundna och oberoende. Vi str\u00e4var efter att ge fler perspektiv p\u00e5 nyheterna. Har du fr\u00e5gor eller synpunkter kring v\u00e5r rapportering? <a href=\"https:\/\/omni.se\/grimsby-towns-bragd-slar-ut-manchester-united\/a\/mailto:redaktion@omni.se\" class=\"ArticleActions_contactLink__W2F1M\" rel=\"nofollow noopener\" target=\"_blank\">Kontakta redaktionen<\/a><\/p>\n","protected":false},"excerpt":{"rendered":"Grimsby Town har lyckats med det som p\u00e5 f\u00f6rhand verkade om\u00f6jligt: Att sl\u00e5 ut giganten Manchester United ur&hellip;\n","protected":false},"author":2,"featured_media":15392,"comment_status":"","ping_status":"","sticky":false,"template":"","format":"standard","meta":{"footnotes":""},"categories":[5],"tags":[22,23,26,27,138,17,21,24,25,28,29,926,15,16,18,34,31,33,32,30,19,20],"class_list":{"0":"post-15391","1":"post","2":"type-post","3":"status-publish","4":"format-standard","5":"has-post-thumbnail","7":"category-rubriker","8":"tag-breaking-news","9":"tag-breakingnews","10":"tag-featured-news","11":"tag-featurednews","12":"tag-fotboll","13":"tag-headlines","14":"tag-huvudnyheter","15":"tag-latest-news","16":"tag-latestnews","17":"tag-main-news","18":"tag-mainnews","19":"tag-manchester-united","20":"tag-news","21":"tag-nyheter","22":"tag-rubriker","23":"tag-se","24":"tag-svenska","25":"tag-sverige","26":"tag-sweden","27":"tag-swedish","28":"tag-top-stories","29":"tag-topstories"},"share_on_mastodon":{"url":"","error":""},"_links":{"self":[{"href":"https:\/\/www.europesays.com\/se\/wp-json\/wp\/v2\/posts\/15391","targetHints":{"allow":["GET"]}}],"collection":[{"href":"https:\/\/www.europesays.com\/se\/wp-json\/wp\/v2\/posts"}],"about":[{"href":"https:\/\/www.europesays.com\/se\/wp-json\/wp\/v2\/types\/post"}],"author":[{"embeddable":true,"href":"https:\/\/www.europesays.com\/se\/wp-json\/wp\/v2\/users\/2"}],"replies":[{"embeddable":true,"href":"https:\/\/www.europesays.com\/se\/wp-json\/wp\/v2\/comments?post=15391"}],"version-history":[{"count":0,"href":"https:\/\/www.europesays.com\/se\/wp-json\/wp\/v2\/posts\/15391\/revisions"}],"wp:featuredmedia":[{"embeddable":true,"href":"https:\/\/www.europesays.com\/se\/wp-json\/wp\/v2\/media\/15392"}],"wp:attachment":[{"href":"https:\/\/www.europesays.com\/se\/wp-json\/wp\/v2\/media?parent=15391"}],"wp:term":[{"taxonomy":"category","embeddable":true,"href":"https:\/\/www.europesays.com\/se\/wp-json\/wp\/v2\/categories?post=15391"},{"taxonomy":"post_tag","embeddable":true,"href":"https:\/\/www.europesays.com\/se\/wp-json\/wp\/v2\/tags?post=15391"}],"curies":[{"name":"wp","href":"https:\/\/api.w.org\/{rel}","templated":true}]}}