{"id":15393,"date":"2025-08-27T22:07:07","date_gmt":"2025-08-27T22:07:07","guid":{"rendered":"https:\/\/www.europesays.com\/se\/15393\/"},"modified":"2025-08-27T22:07:07","modified_gmt":"2025-08-27T22:07:07","slug":"beskedet-om-hugo-bolin-har-drabbats-av-hjarnskakning-allsvenskan","status":"publish","type":"post","link":"https:\/\/www.europesays.com\/se\/15393\/","title":{"rendered":"Beskedet om Hugo Bolin \u2013 har drabbats av hj\u00e4rnskakning | Allsvenskan"},"content":{"rendered":"<p>Publicerad 27 aug 2025 kl 18.35Uppdaterad kl 18.41<\/p>\n<p>Hugo Bolin l\u00e4mnade matchen mot IFK G\u00f6teborg redan i f\u00f6rsta halvlek.<\/p>\n<p>Nu ber\u00e4ttar Henrik Rydstr\u00f6m att mittf\u00e4ltaren drabbats av en hj\u00e4rnskakning.<\/p>\n<p>\u2013\u00a0Han f\u00f6ljer hj\u00e4rntrappan, s\u00e4ger MFF-tr\u00e4naren.<\/p>\n<p><img   alt=\"\"\/><\/p>\n<p>Hugo Bolin.<\/p>\n<p>Foto: CHRISTIAN \u00d6RNBERG \/ BILDBYR\u00c5N<\/p>\n<p>\u00d6ppna bild i helsk\u00e4rm<\/p>\n<p>20 minuter in i matchen mot IFK G\u00f6teborg skallade <a href=\"https:\/\/www.expressen.se\/tagg\/person\/hugo-bolin\/\" class=\"\" rel=\"nofollow noopener\" target=\"_blank\">Hugo Bolin<\/a> ihop med David Kruse. MFF-mittf\u00e4ltaren pl\u00e5strades om och fortsatte spela innan han, sju minuter senare, satte sig ner p\u00e5 planen. Bolin l\u00e4mnade s\u00f6ndagens storm\u00f6te och har unders\u00f6kts mer sen dess. P\u00e5 grund av sm\u00e4llen \u00e4r han inte med laget i Tjeckien, d\u00e4r Europa League-playoff mot Sigma Olomouc v\u00e4ntar p\u00e5 torsdagskv\u00e4llen.\u00a0<\/p>\n<p>\u2013\u00a0Det \u00e4r r\u00e4tt bra med honom \u00e4nd\u00e5, s\u00e4ger Henrik Rydstr\u00f6m.<\/p>\n<p>Tr\u00e4naren kan inte svara p\u00e5 n\u00e4r Bolin \u00e4r redo f\u00f6r comeback. Den s\u00e5 kallade hj\u00e4rntrappan ska f\u00f6ljas innan 22-\u00e5ringen kan k\u00f6ra p\u00e5 f\u00f6r fullt.<\/p>\n<p>\u2013 Vi tror att han kan tr\u00e4na p\u00e5 l\u00f6rdag, s\u00e4ger Rydstr\u00f6m.<\/p>\n","protected":false},"excerpt":{"rendered":"Publicerad 27 aug 2025 kl 18.35Uppdaterad kl 18.41 Hugo Bolin l\u00e4mnade matchen mot IFK G\u00f6teborg redan i f\u00f6rsta&hellip;\n","protected":false},"author":2,"featured_media":15394,"comment_status":"","ping_status":"","sticky":false,"template":"","format":"standard","meta":{"footnotes":""},"categories":[68],"tags":[358,1966,34,130,129,111,110,31,33,32,30],"class_list":{"0":"post-15393","1":"post","2":"type-post","3":"status-publish","4":"format-standard","5":"has-post-thumbnail","7":"category-sport","8":"tag-organization-malmo-ff","9":"tag-person-hugo-bolin","10":"tag-se","11":"tag-sections-allsvenskan","12":"tag-sections-fotboll","13":"tag-sport","14":"tag-sports","15":"tag-svenska","16":"tag-sverige","17":"tag-sweden","18":"tag-swedish"},"share_on_mastodon":{"url":"","error":""},"_links":{"self":[{"href":"https:\/\/www.europesays.com\/se\/wp-json\/wp\/v2\/posts\/15393","targetHints":{"allow":["GET"]}}],"collection":[{"href":"https:\/\/www.europesays.com\/se\/wp-json\/wp\/v2\/posts"}],"about":[{"href":"https:\/\/www.europesays.com\/se\/wp-json\/wp\/v2\/types\/post"}],"author":[{"embeddable":true,"href":"https:\/\/www.europesays.com\/se\/wp-json\/wp\/v2\/users\/2"}],"replies":[{"embeddable":true,"href":"https:\/\/www.europesays.com\/se\/wp-json\/wp\/v2\/comments?post=15393"}],"version-history":[{"count":0,"href":"https:\/\/www.europesays.com\/se\/wp-json\/wp\/v2\/posts\/15393\/revisions"}],"wp:featuredmedia":[{"embeddable":true,"href":"https:\/\/www.europesays.com\/se\/wp-json\/wp\/v2\/media\/15394"}],"wp:attachment":[{"href":"https:\/\/www.europesays.com\/se\/wp-json\/wp\/v2\/media?parent=15393"}],"wp:term":[{"taxonomy":"category","embeddable":true,"href":"https:\/\/www.europesays.com\/se\/wp-json\/wp\/v2\/categories?post=15393"},{"taxonomy":"post_tag","embeddable":true,"href":"https:\/\/www.europesays.com\/se\/wp-json\/wp\/v2\/tags?post=15393"}],"curies":[{"name":"wp","href":"https:\/\/api.w.org\/{rel}","templated":true}]}}