{"id":15397,"date":"2025-08-27T22:15:09","date_gmt":"2025-08-27T22:15:09","guid":{"rendered":"https:\/\/www.europesays.com\/se\/15397\/"},"modified":"2025-08-27T22:15:09","modified_gmt":"2025-08-27T22:15:09","slug":"brommapojkarna-varvar-fran-danmark-allsvenskan","status":"publish","type":"post","link":"https:\/\/www.europesays.com\/se\/15397\/","title":{"rendered":"Brommapojkarna v\u00e4rvar fr\u00e5n Danmark | Allsvenskan"},"content":{"rendered":"<p>Publicerad 27 aug 2025 kl 17.44<\/p>\n<p>H\u00e4r \u00e4r BP:s n\u00e4sta nyf\u00f6rv\u00e4rv.<\/p>\n<p>Klubben v\u00e4rvar Lukas Bj\u00f6rklund fr\u00e5n S\u00f6nderjyske, erfar Expressen.<\/p>\n<p><img   alt=\"\"\/> <\/p>\n<p>Foto: Claus Fisker \/ TT NYHETSBYR\u00c5N<\/p>\n<p>\u00d6ppna bild i helsk\u00e4rm<\/p>\n<p><a href=\"https:\/\/www.expressen.se\/tagg\/organization\/bp\/\" class=\"\" rel=\"nofollow noopener\" target=\"_blank\">BP<\/a> har haft ett lugnt f\u00f6nster, men nu sl\u00e5r den allsvenska klubben till med ett nyf\u00f6rv\u00e4rv innan det svenska transferf\u00f6nstret st\u00e4nger p\u00e5 fredagen \u2013 och nyf\u00f6rv\u00e4rvet ansluter fr\u00e5n Danmark.<\/p>\n<p>Enligt Expressens k\u00e4llor \u00e4r BP \u00f6verens med S\u00f6nderjyske g\u00e4llande en v\u00e4rvning av Lukas Bj\u00f6rklund, n\u00e5got som v\u00e4ntas bli officiellt i n\u00e4rtid om inget of\u00f6rutsett intr\u00e4ffar.<\/p>\n<p>Priset uppges landa p\u00e5 omkring 500.000 euro, motsvarande runt fem miljoner svenska kronor.<\/p>\n<p>Bj\u00f6rklund har en bakgrund i AC Milans akademi, och han har \u00e4ven spelat f\u00f6r Malm\u00f6 FF tidigare, innan han l\u00e4mnade f\u00f6r Danmark 2022.<\/p>\n<p>F\u00f6r S\u00f6nderjyske har han gjort 65 matcher, fem m\u00e5l och fyra assist. Den 21-\u00e5rige mittf\u00e4ltaren har \u00e4ven fem U21-landskamper p\u00e5 meritlistan.<\/p>\n","protected":false},"excerpt":{"rendered":"Publicerad 27 aug 2025 kl 17.44 H\u00e4r \u00e4r BP:s n\u00e4sta nyf\u00f6rv\u00e4rv. Klubben v\u00e4rvar Lukas Bj\u00f6rklund fr\u00e5n S\u00f6nderjyske, erfar&hellip;\n","protected":false},"author":2,"featured_media":15398,"comment_status":"","ping_status":"","sticky":false,"template":"","format":"standard","meta":{"footnotes":""},"categories":[68],"tags":[441,34,130,129,111,110,31,33,32,30],"class_list":{"0":"post-15397","1":"post","2":"type-post","3":"status-publish","4":"format-standard","5":"has-post-thumbnail","7":"category-sport","8":"tag-organization-bp","9":"tag-se","10":"tag-sections-allsvenskan","11":"tag-sections-fotboll","12":"tag-sport","13":"tag-sports","14":"tag-svenska","15":"tag-sverige","16":"tag-sweden","17":"tag-swedish"},"share_on_mastodon":{"url":"","error":""},"_links":{"self":[{"href":"https:\/\/www.europesays.com\/se\/wp-json\/wp\/v2\/posts\/15397","targetHints":{"allow":["GET"]}}],"collection":[{"href":"https:\/\/www.europesays.com\/se\/wp-json\/wp\/v2\/posts"}],"about":[{"href":"https:\/\/www.europesays.com\/se\/wp-json\/wp\/v2\/types\/post"}],"author":[{"embeddable":true,"href":"https:\/\/www.europesays.com\/se\/wp-json\/wp\/v2\/users\/2"}],"replies":[{"embeddable":true,"href":"https:\/\/www.europesays.com\/se\/wp-json\/wp\/v2\/comments?post=15397"}],"version-history":[{"count":0,"href":"https:\/\/www.europesays.com\/se\/wp-json\/wp\/v2\/posts\/15397\/revisions"}],"wp:featuredmedia":[{"embeddable":true,"href":"https:\/\/www.europesays.com\/se\/wp-json\/wp\/v2\/media\/15398"}],"wp:attachment":[{"href":"https:\/\/www.europesays.com\/se\/wp-json\/wp\/v2\/media?parent=15397"}],"wp:term":[{"taxonomy":"category","embeddable":true,"href":"https:\/\/www.europesays.com\/se\/wp-json\/wp\/v2\/categories?post=15397"},{"taxonomy":"post_tag","embeddable":true,"href":"https:\/\/www.europesays.com\/se\/wp-json\/wp\/v2\/tags?post=15397"}],"curies":[{"name":"wp","href":"https:\/\/api.w.org\/{rel}","templated":true}]}}