{"id":15408,"date":"2025-08-27T22:28:10","date_gmt":"2025-08-27T22:28:10","guid":{"rendered":"https:\/\/www.europesays.com\/se\/15408\/"},"modified":"2025-08-27T22:28:10","modified_gmt":"2025-08-27T22:28:10","slug":"simona-mohamssons-pik-mot-magdalena-andersson","status":"publish","type":"post","link":"https:\/\/www.europesays.com\/se\/15408\/","title":{"rendered":"Simona Mohamssons pik mot Magdalena Andersson"},"content":{"rendered":"<p>Publicerad 27 aug 2025 kl 18.28Uppdaterad kl 19.45<\/p>\n<p>Det bubblar i Liberalerna inf\u00f6r h\u00f6stens landsm\u00f6te: Kommer partiet riva upp sina r\u00f6da linjer mot SD som regeringsparti?\u00a0<\/p>\n<p>Enligt m\u00e5nga uppgifter \u00e4r det just vad partiledningen planerar f\u00f6r, men Simona Mohamsson tiger som muren. Hon vill inte ens kommentera om det alls p\u00e5g\u00e5r en intern process i fr\u00e5gan.<\/p>\n<p>N\u00e5got alternativt samarbete med S \u00e4r dock inte alls aktuellt, trots Magdalena Anderssons utstr\u00e4ckta hand.<\/p>\n<p>\u2013 Om man \u00e4r liberal eller liberalt sinnad i dag s\u00e5 borde man vara orolig \u00f6ver vart Socialdemokraterna ska ta Sverige, s\u00e4ger Simona Mohamsson i Expressens podd \u201dViktor m\u00f6ter\u201d, och passar p\u00e5 att skicka med en k\u00e4nga mot S nya integrationspolitik.<\/p>\n<p>\u2013 Jag vill inte vara Magdalena Anderssons inkvoterade invandrarv\u00e4n.<\/p>\n<p><img   alt=\"\"\/><\/p>\n<p>Simona Mohamsson.<\/p>\n<p>Foto: OLLE SPORRONG<\/p>\n<p>\u00d6ppna bild i helsk\u00e4rm<img loading=\"lazy\"   alt=\"\"\/><\/p>\n<p>Mohamsson intervjuas av Viktor Barth-Kron.<\/p>\n<p>Foto: OLLE SPORRONG<\/p>\n<p>\u00d6ppna bild i helsk\u00e4rm<img loading=\"lazy\"   alt=\"\"\/><\/p>\n<p>Magdalena Andersson.<\/p>\n<p>Foto: Christine Olsson\/TT \/ TT NYHETSBYR\u00c5N<\/p>\n<p>\u00d6ppna bild i helsk\u00e4rm<\/p>\n<p>I intervjun med Expressens <strong>Viktor Barth-Kron<\/strong> pratar <a href=\"https:\/\/www.expressen.se\/tagg\/person\/simona-mohamsson\/\" class=\"\" rel=\"nofollow noopener\" target=\"_blank\">Simona Mohamsson<\/a> ocks\u00e5 om varf\u00f6r hon vill kartl\u00e4gga invandrares v\u00e4rderingar, och vad det ska leda till. Dessutom: Vad har hon egentligen emot Socialdemokraternas nya politik mot segregationen? H\u00f6r hela intervjun h\u00e4r!<\/p>\n<p><img alt=\"\"\/>Ljudklippet gick inte att spela upp<\/p>\n<p>F\u00f6rs\u00f6k igen senare<\/p>\n","protected":false},"excerpt":{"rendered":"Publicerad 27 aug 2025 kl 18.28Uppdaterad kl 19.45 Det bubblar i Liberalerna inf\u00f6r h\u00f6stens landsm\u00f6te: Kommer partiet riva&hellip;\n","protected":false},"author":2,"featured_media":15409,"comment_status":"","ping_status":"","sticky":false,"template":"","format":"standard","meta":{"footnotes":""},"categories":[12],"tags":[22,23,26,27,17,21,24,25,28,29,15,16,1207,650,18,34,1968,31,33,32,30,19,485,20],"class_list":{"0":"post-15408","1":"post","2":"type-post","3":"status-publish","4":"format-standard","5":"has-post-thumbnail","7":"category-sverige","8":"tag-breaking-news","9":"tag-breakingnews","10":"tag-featured-news","11":"tag-featurednews","12":"tag-headlines","13":"tag-huvudnyheter","14":"tag-latest-news","15":"tag-latestnews","16":"tag-main-news","17":"tag-mainnews","18":"tag-news","19":"tag-nyheter","20":"tag-person-magdalena-andersson","21":"tag-person-simona-mohamsson","22":"tag-rubriker","23":"tag-se","24":"tag-sections-politikrummet","25":"tag-svenska","26":"tag-sverige","27":"tag-sweden","28":"tag-swedish","29":"tag-top-stories","30":"tag-topic-politik","31":"tag-topstories"},"share_on_mastodon":{"url":"","error":""},"_links":{"self":[{"href":"https:\/\/www.europesays.com\/se\/wp-json\/wp\/v2\/posts\/15408","targetHints":{"allow":["GET"]}}],"collection":[{"href":"https:\/\/www.europesays.com\/se\/wp-json\/wp\/v2\/posts"}],"about":[{"href":"https:\/\/www.europesays.com\/se\/wp-json\/wp\/v2\/types\/post"}],"author":[{"embeddable":true,"href":"https:\/\/www.europesays.com\/se\/wp-json\/wp\/v2\/users\/2"}],"replies":[{"embeddable":true,"href":"https:\/\/www.europesays.com\/se\/wp-json\/wp\/v2\/comments?post=15408"}],"version-history":[{"count":0,"href":"https:\/\/www.europesays.com\/se\/wp-json\/wp\/v2\/posts\/15408\/revisions"}],"wp:featuredmedia":[{"embeddable":true,"href":"https:\/\/www.europesays.com\/se\/wp-json\/wp\/v2\/media\/15409"}],"wp:attachment":[{"href":"https:\/\/www.europesays.com\/se\/wp-json\/wp\/v2\/media?parent=15408"}],"wp:term":[{"taxonomy":"category","embeddable":true,"href":"https:\/\/www.europesays.com\/se\/wp-json\/wp\/v2\/categories?post=15408"},{"taxonomy":"post_tag","embeddable":true,"href":"https:\/\/www.europesays.com\/se\/wp-json\/wp\/v2\/tags?post=15408"}],"curies":[{"name":"wp","href":"https:\/\/api.w.org\/{rel}","templated":true}]}}