{"id":1543,"date":"2025-08-11T05:29:17","date_gmt":"2025-08-11T05:29:17","guid":{"rendered":"https:\/\/www.europesays.com\/se\/1543\/"},"modified":"2025-08-11T05:29:17","modified_gmt":"2025-08-11T05:29:17","slug":"australien-erkanner-palestina-som-stat","status":"publish","type":"post","link":"https:\/\/www.europesays.com\/se\/1543\/","title":{"rendered":"Australien erk\u00e4nner Palestina som stat"},"content":{"rendered":"<p>Australien kommer att erk\u00e4nna staten Palestina, meddelar landets regering. <\/p>\n<p>Sydney Morning Herald var f\u00f6rst att rapportera om beskedet fr\u00e5n Australiens premi\u00e4rminister Anthony Albanese. <\/p>\n<p>\u2013 Priset f\u00f6r status quo v\u00e4xer f\u00f6r varje dag, och kan m\u00e4tas i oskyldiga m\u00e4nniskoliv. V\u00e4rlden kan inte v\u00e4nta, det skulle bara inneb\u00e4ra att vi v\u00e4ntar p\u00e5 en dag som aldrig skulle komma, s\u00e4ger han under en presskonferens.<\/p>\n<p>\u00c4ven Nya Zeeland uppger p\u00e5 m\u00e5ndagsmorgonen att man \u00f6verv\u00e4ger att erk\u00e4nna Palestina som stat, och att ett slutgiltigt beslut kommer att fattas i september. <\/p>\n<p>Omni \u00e4r politiskt obundna och oberoende. Vi str\u00e4var efter att ge fler perspektiv p\u00e5 nyheterna. Har du fr\u00e5gor eller synpunkter kring v\u00e5r rapportering? <a href=\"https:\/\/omni.se\/australien-erkanner-palestina-som-stat\/a\/mailto:redaktion@omni.se\" class=\"ArticleActions_contactLink__W2F1M\" rel=\"nofollow noopener\" target=\"_blank\">Kontakta redaktionen<\/a><\/p>\n","protected":false},"excerpt":{"rendered":"Australien kommer att erk\u00e4nna staten Palestina, meddelar landets regering. Sydney Morning Herald var f\u00f6rst att rapportera om beskedet&hellip;\n","protected":false},"author":2,"featured_media":1544,"comment_status":"","ping_status":"","sticky":false,"template":"","format":"standard","meta":{"footnotes":""},"categories":[5],"tags":[449,450,22,23,26,27,121,17,21,342,24,25,28,29,124,125,15,16,123,18,34,31,33,32,30,19,20],"class_list":{"0":"post-1543","1":"post","2":"type-post","3":"status-publish","4":"format-standard","5":"has-post-thumbnail","7":"category-rubriker","8":"tag-anthony-albanese","9":"tag-australien","10":"tag-breaking-news","11":"tag-breakingnews","12":"tag-featured-news","13":"tag-featurednews","14":"tag-gaza","15":"tag-headlines","16":"tag-huvudnyheter","17":"tag-israel","18":"tag-latest-news","19":"tag-latestnews","20":"tag-main-news","21":"tag-mainnews","22":"tag-mellanostern","23":"tag-mellanosternkrisen","24":"tag-news","25":"tag-nyheter","26":"tag-palestina","27":"tag-rubriker","28":"tag-se","29":"tag-svenska","30":"tag-sverige","31":"tag-sweden","32":"tag-swedish","33":"tag-top-stories","34":"tag-topstories"},"share_on_mastodon":{"url":"","error":""},"_links":{"self":[{"href":"https:\/\/www.europesays.com\/se\/wp-json\/wp\/v2\/posts\/1543","targetHints":{"allow":["GET"]}}],"collection":[{"href":"https:\/\/www.europesays.com\/se\/wp-json\/wp\/v2\/posts"}],"about":[{"href":"https:\/\/www.europesays.com\/se\/wp-json\/wp\/v2\/types\/post"}],"author":[{"embeddable":true,"href":"https:\/\/www.europesays.com\/se\/wp-json\/wp\/v2\/users\/2"}],"replies":[{"embeddable":true,"href":"https:\/\/www.europesays.com\/se\/wp-json\/wp\/v2\/comments?post=1543"}],"version-history":[{"count":0,"href":"https:\/\/www.europesays.com\/se\/wp-json\/wp\/v2\/posts\/1543\/revisions"}],"wp:featuredmedia":[{"embeddable":true,"href":"https:\/\/www.europesays.com\/se\/wp-json\/wp\/v2\/media\/1544"}],"wp:attachment":[{"href":"https:\/\/www.europesays.com\/se\/wp-json\/wp\/v2\/media?parent=1543"}],"wp:term":[{"taxonomy":"category","embeddable":true,"href":"https:\/\/www.europesays.com\/se\/wp-json\/wp\/v2\/categories?post=1543"},{"taxonomy":"post_tag","embeddable":true,"href":"https:\/\/www.europesays.com\/se\/wp-json\/wp\/v2\/tags?post=1543"}],"curies":[{"name":"wp","href":"https:\/\/api.w.org\/{rel}","templated":true}]}}