{"id":15449,"date":"2025-08-28T03:25:13","date_gmt":"2025-08-28T03:25:13","guid":{"rendered":"https:\/\/www.europesays.com\/se\/15449\/"},"modified":"2025-08-28T03:25:13","modified_gmt":"2025-08-28T03:25:13","slug":"noah-persson-kostar-atta-miljoner-att-kopa-loss-for-hammarby","status":"publish","type":"post","link":"https:\/\/www.europesays.com\/se\/15449\/","title":{"rendered":"Noah Persson kostar \u00e5tta miljoner att k\u00f6pa loss f\u00f6r Hammarby"},"content":{"rendered":"<p><strong>Under onsdagskv\u00e4llen har uppgifter kommit om att <a href=\"https:\/\/fotbolldirekt.se\/silly-season\/uppgifter-noah-persson-klar-for-hammarby\/\" rel=\"nofollow noopener\" target=\"_blank\">Hammarby \u00e4r n\u00e4ra Schweiz-proffset Noah Persson<\/a>. <br \/>B\u00e5de <a href=\"https:\/\/www.aftonbladet.se\/sportbladet\/fotboll\/a\/GykeM6\/hammarby-varvar-noah-persson-fran-young-boys\" rel=\"nofollow noopener\" target=\"_blank\">Sportbladet<\/a> och <a href=\"https:\/\/www.expressen.se\/sport\/fotboll\/allsvenskan\/hammarby-varvar-noah-persson\/\" rel=\"nofollow noopener\" target=\"_blank\">Expressen<\/a> har rapporterat liknande uppgifter.<br \/>Enligt FotbollDirekts uppgifter \u00e4r \u201dBajen\u201d \u00e4ven vinnare vid f\u00f6rhandlingsbordet.\u00a0<\/strong><\/p>\n<p><img loading=\"lazy\" decoding=\"async\" width=\"1024\" height=\"576\" src=\"https:\/\/www.europesays.com\/se\/wp-content\/uploads\/2025\/08\/noah-1-1024x576.jpg\" alt=\"240607 Noah Persson fr\u00e5n Sverige inf\u00f6r den internationella U21-v\u00e4nskapsmatchen i fotboll mellan Sverige och England den 7 juni 2024 i Zagreb.\" class=\"wp-image-310288\"  \/>Noah Persson. Foto: Bildbyr\u00e5n<\/p>\n<p>Hammarby ser ut att <a href=\"https:\/\/fotbolldirekt.se\/silly-season\/uppgifter-pinas-nara-att-lamna-hammarby\/\" rel=\"nofollow noopener\" target=\"_blank\">sl\u00e4ppa Shaquille Pinas<\/a>. En tung f\u00f6rlust kring en spelare som \u201dBajen\u201d in i det l\u00e4ngsta f\u00f6rs\u00f6kt \u00f6vertyga att stanna \u00e5ret ut.\u00a0<br \/>Men ers\u00e4ttaren \u00e4r av fint snitt.\u00a0<\/p>\n<p>B\u00e5de Sportbladet och Expressen uppger i kv\u00e4ll att en l\u00f6sning inte \u00e4r l\u00e5ngt bort med Young Boys-proffset <a href=\"https:\/\/fotbolldirekt.se\/spelare\/noah-persson\/\" rel=\"nofollow noopener\" target=\"_blank\">Noah Persson<\/a>.\u00a0Och det \u00e4r en aff\u00e4r som ser ekonomiskt framg\u00e5ngsrik ut.\u00a0<\/p>\n<p>N\u00e4r v\u00e4nsterbacken s\u00e5ldes fr\u00e5n Mj\u00e4llby f\u00f6r ett par \u00e5r sedan slog han Blekinge-klubbens d\u00e5varande transferrekord n\u00e4r han inbringade omrking 15 miljoner kronor.\u00a0<\/p>\n<p>FotbollDirekt har nu uppgifter om att Hammarby kommer undan med n\u00e4rmare h\u00e4lften: pris \u00e5tta miljoner kronor f\u00f6r Persson. Det \u00e4r den summan som i p\u00e5g\u00e5ende slutf\u00f6rhandlingar uppges vara det parterna diskuterar.\u00a0<\/p>\n<p>Noah Persson har tillh\u00f6rt Young Boys sedan han k\u00f6ptes fr\u00e5n Mj\u00e4llby AIF 2023. Han har varit utl\u00e5nad i en sejour till Grasshoppers.<\/p>\n","protected":false},"excerpt":{"rendered":"Under onsdagskv\u00e4llen har uppgifter kommit om att Hammarby \u00e4r n\u00e4ra Schweiz-proffset Noah Persson. B\u00e5de Sportbladet och Expressen har&hellip;\n","protected":false},"author":2,"featured_media":15450,"comment_status":"","ping_status":"","sticky":false,"template":"","format":"standard","meta":{"footnotes":""},"categories":[5],"tags":[22,23,26,27,17,21,24,25,28,29,15,16,947,18,34,31,33,32,30,19,20],"class_list":{"0":"post-15449","1":"post","2":"type-post","3":"status-publish","4":"format-standard","5":"has-post-thumbnail","7":"category-rubriker","8":"tag-breaking-news","9":"tag-breakingnews","10":"tag-featured-news","11":"tag-featurednews","12":"tag-headlines","13":"tag-huvudnyheter","14":"tag-latest-news","15":"tag-latestnews","16":"tag-main-news","17":"tag-mainnews","18":"tag-news","19":"tag-nyheter","20":"tag-paket-blocket","21":"tag-rubriker","22":"tag-se","23":"tag-svenska","24":"tag-sverige","25":"tag-sweden","26":"tag-swedish","27":"tag-top-stories","28":"tag-topstories"},"share_on_mastodon":{"url":"","error":""},"_links":{"self":[{"href":"https:\/\/www.europesays.com\/se\/wp-json\/wp\/v2\/posts\/15449","targetHints":{"allow":["GET"]}}],"collection":[{"href":"https:\/\/www.europesays.com\/se\/wp-json\/wp\/v2\/posts"}],"about":[{"href":"https:\/\/www.europesays.com\/se\/wp-json\/wp\/v2\/types\/post"}],"author":[{"embeddable":true,"href":"https:\/\/www.europesays.com\/se\/wp-json\/wp\/v2\/users\/2"}],"replies":[{"embeddable":true,"href":"https:\/\/www.europesays.com\/se\/wp-json\/wp\/v2\/comments?post=15449"}],"version-history":[{"count":0,"href":"https:\/\/www.europesays.com\/se\/wp-json\/wp\/v2\/posts\/15449\/revisions"}],"wp:featuredmedia":[{"embeddable":true,"href":"https:\/\/www.europesays.com\/se\/wp-json\/wp\/v2\/media\/15450"}],"wp:attachment":[{"href":"https:\/\/www.europesays.com\/se\/wp-json\/wp\/v2\/media?parent=15449"}],"wp:term":[{"taxonomy":"category","embeddable":true,"href":"https:\/\/www.europesays.com\/se\/wp-json\/wp\/v2\/categories?post=15449"},{"taxonomy":"post_tag","embeddable":true,"href":"https:\/\/www.europesays.com\/se\/wp-json\/wp\/v2\/tags?post=15449"}],"curies":[{"name":"wp","href":"https:\/\/api.w.org\/{rel}","templated":true}]}}