{"id":15453,"date":"2025-08-28T03:36:09","date_gmt":"2025-08-28T03:36:09","guid":{"rendered":"https:\/\/www.europesays.com\/se\/15453\/"},"modified":"2025-08-28T03:36:09","modified_gmt":"2025-08-28T03:36:09","slug":"kate-och-williams-flytt-for-evigt-men-inte-pa-heltid-kungligt","status":"publish","type":"post","link":"https:\/\/www.europesays.com\/se\/15453\/","title":{"rendered":"Kate och Williams flytt \u2013 f\u00f6r evigt men inte p\u00e5 heltid | Kungligt"},"content":{"rendered":"<p>Publicerad 28 aug 2025 kl 03.17<\/p>\n<p>F\u00f6rra veckan ber\u00e4ttade kungafamiljen att Forest Lodge kommer att vara prins Williams och prinsessan Kates \u201dhem f\u00f6r evigt\u201d.\u00a0<\/p>\n<p>Men n\u00e4r de \u00e4r kung och drottning kommer det inte handla om heltid.<\/p>\n<p>\u2013 De kommer beh\u00f6va en bas i London, s\u00e4ger Hugo Vickers, en v\u00e4n till kungafamiljen, till New York Post.\u00a0<\/p>\n<p><img   alt=\"\"\/><\/p>\n<p>Prins William och prinsessan Kate vill bo p\u00e5 Forest Lodge \u201df\u00f6r evigt\u201d. Men det kommer sannolikt inte inneb\u00e4ra heltid.<\/p>\n<p>Foto: I-IMAGES \/ POLARIS \/ I-IMAGES<\/p>\n<p>\u00d6ppna bild i helsk\u00e4rm<img loading=\"lazy\"   alt=\"\"\/><\/p>\n<p>Forest Lodge genomg\u00e5r just nu en renovering inf\u00f6r flytten.<\/p>\n<p>Foto: KEN GOFF \/ STELLA PICTURES \/ KEN GOFF KEN GOFF<\/p>\n<p>\u00d6ppna bild i helsk\u00e4rm<\/p>\n<p><a href=\"https:\/\/www.expressen.se\/tagg\/person\/prins-william\/\" class=\"\" rel=\"nofollow noopener\" target=\"_blank\">Prins William<\/a> och prinsessan Kate flyttar tillsammans med sina tre barn in p\u00e5 Forest Lodge, bel\u00e4get vid Windsor, senare under \u00e5ret n\u00e4r alla renoveringar \u00e4r klara i den pampiga byggnaden. N\u00e4r nyheten presenterades att de skalar upp fr\u00e5n Adelaide Cottages fyra sovrum till de \u00e5tta sovrum Forest Lodge har, beskrevs det som en flytt till familjens \u201dhem f\u00f6r evigt\u201d.<\/p>\n<p>Men i bem\u00e4rkelsen att de kommer att befinna sig d\u00e4r p\u00e5 heltid, \u00e4r det sannolikt att s\u00e5 inte riktigt blir fallet. N\u00e4r William blir kung \u2013 och Kate f\u00f6ljaktligen drottning \u2013 kommer plikterna kalla \u00e4n mer. Och plikterna inneb\u00e4r i m\u00e5ngt och mycket London och Buckingham Palace.<\/p>\n<p>M\u00e5ste vara praktiskt<\/p>\n<p>\u2013 De kommer beh\u00f6va en bas d\u00e4r. Kungen m\u00e5ste befinna sig n\u00e5gonstans som \u00e4r praktiskt i f\u00f6rh\u00e5llande till regeringen. Man kan inte f\u00f6rv\u00e4nta sig att ministrarna ska komma till Windsor, s\u00e4ger Hugo Vickers, f\u00f6rfattare och v\u00e4n till kungafamiljen, till <a href=\"https:\/\/pagesix.com\/2025\/08\/27\/royal-family\/prince-william-and-kate-middleton-cant-live-full-time-in-new-home\/?_gl=1*id8ysc*_ga*Mzg3NDc5NTg2LjE3MTYxNTk0MDY.*_ga_0DZ7LHF5PZ*czE3NTYzMjk3MDckbzI1NCRnMSR0MTc1NjMyOTcwNyRqNjAkbDAkaDA.\" rel=\"nofollow noopener\" target=\"_blank\">New York Post<\/a>.\u00a0<\/p>\n<p>\u2013 Jag \u00e4r s\u00e4ker p\u00e5 att William och Catherine kommer att beh\u00f6va anv\u00e4nda Buckingham Palace som sin bas i London och \u00e4ven f\u00f6r ceremoniella uppgifter.<\/p>\n<p>F\u00f6rutom Forest Lodge kommer familjen \u00e4ven forts\u00e4ttningsvis ha tillg\u00e5ng till sitt tidigare boende i London, Apartment 1A i Kensington Palace \u2013 nyligen renoverat f\u00f6r omkring 65 miljoner kronor \u2013 samt lantliga Anmer Hall i Norfolk.\u00a0<\/p>\n","protected":false},"excerpt":{"rendered":"Publicerad 28 aug 2025 kl 03.17 F\u00f6rra veckan ber\u00e4ttade kungafamiljen att Forest Lodge kommer att vara prins Williams&hellip;\n","protected":false},"author":2,"featured_media":15454,"comment_status":"","ping_status":"","sticky":false,"template":"","format":"standard","meta":{"footnotes":""},"categories":[67],"tags":[104,1976,1977,1974,1975,34,612,31,33,32,30,105],"class_list":{"0":"post-15453","1":"post","2":"type-post","3":"status-publish","4":"format-standard","5":"has-post-thumbnail","7":"category-underhallning","8":"tag-entertainment","9":"tag-location-buckingham-palace","10":"tag-organization-brittiska-kungahuset","11":"tag-person-prins-william","12":"tag-person-prinsessan-kate","13":"tag-se","14":"tag-sections-kungligt","15":"tag-svenska","16":"tag-sverige","17":"tag-sweden","18":"tag-swedish","19":"tag-underhallning"},"share_on_mastodon":{"url":"","error":""},"_links":{"self":[{"href":"https:\/\/www.europesays.com\/se\/wp-json\/wp\/v2\/posts\/15453","targetHints":{"allow":["GET"]}}],"collection":[{"href":"https:\/\/www.europesays.com\/se\/wp-json\/wp\/v2\/posts"}],"about":[{"href":"https:\/\/www.europesays.com\/se\/wp-json\/wp\/v2\/types\/post"}],"author":[{"embeddable":true,"href":"https:\/\/www.europesays.com\/se\/wp-json\/wp\/v2\/users\/2"}],"replies":[{"embeddable":true,"href":"https:\/\/www.europesays.com\/se\/wp-json\/wp\/v2\/comments?post=15453"}],"version-history":[{"count":0,"href":"https:\/\/www.europesays.com\/se\/wp-json\/wp\/v2\/posts\/15453\/revisions"}],"wp:featuredmedia":[{"embeddable":true,"href":"https:\/\/www.europesays.com\/se\/wp-json\/wp\/v2\/media\/15454"}],"wp:attachment":[{"href":"https:\/\/www.europesays.com\/se\/wp-json\/wp\/v2\/media?parent=15453"}],"wp:term":[{"taxonomy":"category","embeddable":true,"href":"https:\/\/www.europesays.com\/se\/wp-json\/wp\/v2\/categories?post=15453"},{"taxonomy":"post_tag","embeddable":true,"href":"https:\/\/www.europesays.com\/se\/wp-json\/wp\/v2\/tags?post=15453"}],"curies":[{"name":"wp","href":"https:\/\/api.w.org\/{rel}","templated":true}]}}