{"id":15485,"date":"2025-08-28T04:46:07","date_gmt":"2025-08-28T04:46:07","guid":{"rendered":"https:\/\/www.europesays.com\/se\/15485\/"},"modified":"2025-08-28T04:46:07","modified_gmt":"2025-08-28T04:46:07","slug":"m-allt-langre-bakom-sd-men-tar-in-pa-oppositionen","status":"publish","type":"post","link":"https:\/\/www.europesays.com\/se\/15485\/","title":{"rendered":"M allt l\u00e4ngre bakom SD \u2013 men tar in p\u00e5 oppositionen"},"content":{"rendered":"<p>Moderaterna f\u00e5r sin s\u00e4msta notering i en Demoskop-m\u00e4tning sedan december 2023. Med 17,9 procent av v\u00e4ljarst\u00f6det \u00e4r man n\u00e4stan tre procentenheter bakom SD p\u00e5 20,7 procent, rapporterar Aftonbladet och SvD.<\/p>\n<p>\u2013 Det \u00e4r inte j\u00e4tteroligt f\u00f6r Moderaterna, s\u00e4ger Demoskops opinionschef Johan Martinsson.<\/p>\n<p>Han lyfter ifr\u00e5gas\u00e4ttandet av Ulf Kristerssons (M) ledarskap och historien om den nationella s\u00e4kerhetsr\u00e5dgivaren som problem under sommaren.<\/p>\n<p>Samtidigt knappar regeringsunderlaget in p\u00e5 oppositionen. I julim\u00e4tningen var skillnaden nio procentenheter, men nu \u00e4r Tid\u00f6partierna bara sex procentenheter bakom.<\/p>\n<p>Ta del av hela opinionsunders\u00f6kningen nedan.<\/p>\n<p>Om v\u00e4ljarbarometern fr\u00e5n Demoskop<\/p>\n<p>Demoskops v\u00e4ljarbarometer baseras bland annat p\u00e5 svar fr\u00e5n den sj\u00e4lvrekryterade Iniziopanelen. Demoskop har en daglig p\u00e5g\u00e5ende datainsamling och i samtliga formul\u00e4r som skickas ut ing\u00e5r fr\u00e5gan om vilket parti man skulle r\u00f6sta p\u00e5 om det var val i\u202fdag.<\/p>\n<p>V\u00e4ljarbarometern bygger alltid p\u00e5 \u00e5tminstone 2\u202f000 intervjuer. Intervjuerna v\u00e4gs utifr\u00e5n kriterier som k\u00f6n, \u00e5lder och region f\u00f6r att ge ett s\u00e5 representativt urval som m\u00f6jligt sett till den vuxna svenska befolkningen. <\/p>\n<p>Demoskops m\u00e4tningar anv\u00e4nds av Aftonbladet och SvD.<\/p>\n<p><a target=\"_blank\" rel=\"noreferrer nofollow noopener\" href=\"https:\/\/demoskop.se\/expertis\/valjarbarometer\/\" class=\"Text_externalLink__zdh8y\">L\u00e4s mer \u2013&gt;<\/a><\/p>\n<p>Omni \u00e4r politiskt obundna och oberoende. Vi str\u00e4var efter att ge fler perspektiv p\u00e5 nyheterna. Har du fr\u00e5gor eller synpunkter kring v\u00e5r rapportering? <a href=\"https:\/\/omni.se\/m-allt-langre-bakom-sd-men-tar-in-pa-oppositionen\/a\/mailto:redaktion@omni.se\" class=\"ArticleActions_contactLink__W2F1M\" rel=\"nofollow noopener\" target=\"_blank\">Kontakta redaktionen<\/a><\/p>\n","protected":false},"excerpt":{"rendered":"Moderaterna f\u00e5r sin s\u00e4msta notering i en Demoskop-m\u00e4tning sedan december 2023. Med 17,9 procent av v\u00e4ljarst\u00f6det \u00e4r man&hellip;\n","protected":false},"author":2,"featured_media":15486,"comment_status":"","ping_status":"","sticky":false,"template":"","format":"standard","meta":{"footnotes":""},"categories":[5],"tags":[22,23,1983,26,27,17,21,1107,24,25,639,28,29,1234,551,15,16,1982,369,18,34,1557,31,33,617,32,30,19,20,1406],"class_list":{"0":"post-15485","1":"post","2":"type-post","3":"status-publish","4":"format-standard","5":"has-post-thumbnail","7":"category-rubriker","8":"tag-breaking-news","9":"tag-breakingnews","10":"tag-centerpartiet","11":"tag-featured-news","12":"tag-featurednews","13":"tag-headlines","14":"tag-huvudnyheter","15":"tag-kristdemokraterna","16":"tag-latest-news","17":"tag-latestnews","18":"tag-liberalerna","19":"tag-main-news","20":"tag-mainnews","21":"tag-miljopartiet","22":"tag-moderaterna","23":"tag-news","24":"tag-nyheter","25":"tag-opinionsundersokningar","26":"tag-politik","27":"tag-rubriker","28":"tag-se","29":"tag-socialdemokraterna","30":"tag-svenska","31":"tag-sverige","32":"tag-sverigedemokraterna","33":"tag-sweden","34":"tag-swedish","35":"tag-top-stories","36":"tag-topstories","37":"tag-vansterpartiet"},"share_on_mastodon":{"url":"","error":""},"_links":{"self":[{"href":"https:\/\/www.europesays.com\/se\/wp-json\/wp\/v2\/posts\/15485","targetHints":{"allow":["GET"]}}],"collection":[{"href":"https:\/\/www.europesays.com\/se\/wp-json\/wp\/v2\/posts"}],"about":[{"href":"https:\/\/www.europesays.com\/se\/wp-json\/wp\/v2\/types\/post"}],"author":[{"embeddable":true,"href":"https:\/\/www.europesays.com\/se\/wp-json\/wp\/v2\/users\/2"}],"replies":[{"embeddable":true,"href":"https:\/\/www.europesays.com\/se\/wp-json\/wp\/v2\/comments?post=15485"}],"version-history":[{"count":0,"href":"https:\/\/www.europesays.com\/se\/wp-json\/wp\/v2\/posts\/15485\/revisions"}],"wp:featuredmedia":[{"embeddable":true,"href":"https:\/\/www.europesays.com\/se\/wp-json\/wp\/v2\/media\/15486"}],"wp:attachment":[{"href":"https:\/\/www.europesays.com\/se\/wp-json\/wp\/v2\/media?parent=15485"}],"wp:term":[{"taxonomy":"category","embeddable":true,"href":"https:\/\/www.europesays.com\/se\/wp-json\/wp\/v2\/categories?post=15485"},{"taxonomy":"post_tag","embeddable":true,"href":"https:\/\/www.europesays.com\/se\/wp-json\/wp\/v2\/tags?post=15485"}],"curies":[{"name":"wp","href":"https:\/\/api.w.org\/{rel}","templated":true}]}}